{"id":107,"global_id":"www.csepelivaroskep.hu\/galeria?id=107","global_id_lineage":["www.csepelivaroskep.hu\/galeria?id=107"],"author":"1","status":"publish","date":"2018-06-05 11:29:51","date_utc":"2018-06-05 11:29:51","modified":"2018-06-05 11:29:51","modified_utc":"2018-06-05 11:29:51","url":"https:\/\/www.csepelivaroskep.hu\/galeria\/programok\/filp-csaba-kiallitasa\/","rest_url":"https:\/\/www.csepelivaroskep.hu\/galeria\/wp-json\/tribe\/events\/v1\/events\/107","title":"Filp Csaba ki\u00e1ll\u00edt\u00e1sa","description":"<p>A Csepeli V\u00e1rosk\u00e9p Kft. (Csepel Gal\u00e9ria) tisztelettel megh\u00edvja \u00d6nt 2016. \u00e1prilis 28-\u00e1n, 17 \u00f3r\u00e1ra Filp Csaba Munk\u00e1csy Mih\u00e1ly \u2013 d\u00edjas fest\u0151m\u0171v\u00e9sz ET IN ARCADIA EGO in memoriam Jacopo Sannazaro c\u00edm\u0171 ki\u00e1ll\u00edt\u00e1s\u00e1nak megnyit\u00f3j\u00e1ra.<br \/>\nA ki\u00e1ll\u00edt\u00e1st megnyitja: Szab\u00f3 Attila k\u00e9pz\u0151m\u0171v\u00e9sz<br \/>\nA ki\u00e1ll\u00edt\u00e1s megtekinthet\u0151 2016. m\u00e1jus 20-ig, h\u00e9tf\u0151t\u0151l cs\u00fct\u00f6rt\u00f6kig 8-16 \u00f3ra k\u00f6z\u00f6tt, p\u00e9nteken el\u0151zetes bejelentkez\u00e9ssel.<br \/>\nC\u00edm: 1215 Budapest, Csete Bal\u00e1zs u. 15. Tel.: 278-0711<\/p>","excerpt":"<p>ET IN ARCADIA EGO in memoriam Jacopo Sannazaro<\/p>","slug":"filp-csaba-kiallitasa","image":{"url":"https:\/\/www.csepelivaroskep.hu\/galeria\/wp-content\/uploads\/sites\/6\/2018\/06\/2016.04.28-filip.jpg","id":108,"extension":"jpg","width":800,"height":378,"sizes":{"thumbnail":{"width":150,"height":150,"mime-type":"image\/jpeg","url":"https:\/\/www.csepelivaroskep.hu\/galeria\/wp-content\/uploads\/sites\/6\/2018\/06\/2016.04.28-filip-150x150.jpg"},"medium":{"width":300,"height":142,"mime-type":"image\/jpeg","url":"https:\/\/www.csepelivaroskep.hu\/galeria\/wp-content\/uploads\/sites\/6\/2018\/06\/2016.04.28-filip-300x142.jpg"},"medium_large":{"width":768,"height":363,"mime-type":"image\/jpeg","url":"https:\/\/www.csepelivaroskep.hu\/galeria\/wp-content\/uploads\/sites\/6\/2018\/06\/2016.04.28-filip-768x363.jpg"}}},"all_day":false,"start_date":"2016-04-28 17:00:00","start_date_details":{"year":"2016","month":"04","day":"28","hour":"17","minutes":"00","seconds":"00"},"end_date":"2016-05-20 16:00:00","end_date_details":{"year":"2016","month":"05","day":"20","hour":"16","minutes":"00","seconds":"00"},"utc_start_date":"2016-04-28 17:00:00","utc_start_date_details":{"year":"2016","month":"04","day":"28","hour":"17","minutes":"00","seconds":"00"},"utc_end_date":"2016-05-20 16:00:00","utc_end_date_details":{"year":"2016","month":"05","day":"20","hour":"16","minutes":"00","seconds":"00"},"timezone":"UTC+0","timezone_abbr":"UTC+0","cost":"","cost_details":{"currency_symbol":"","currency_code":"","currency_position":"prefix","values":[]},"website":"","show_map":false,"show_map_link":false,"hide_from_listings":false,"sticky":false,"featured":false,"categories":[{"name":"Gal\u00e9ria esem\u00e9ny","slug":"galeria-esemeny","term_group":0,"term_taxonomy_id":8,"taxonomy":"tribe_events_cat","description":"","parent":0,"count":25,"filter":"raw","id":8,"urls":{"self":"https:\/\/www.csepelivaroskep.hu\/galeria\/wp-json\/tribe\/events\/v1\/categories\/8","collection":"https:\/\/www.csepelivaroskep.hu\/galeria\/wp-json\/tribe\/events\/v1\/categories"}}],"tags":[{"name":"Csepel Gal\u00e9ria","slug":"csepel-galeria","term_group":0,"term_taxonomy_id":4,"taxonomy":"post_tag","description":"","parent":0,"count":37,"filter":"raw","id":4,"urls":{"self":"https:\/\/www.csepelivaroskep.hu\/galeria\/wp-json\/tribe\/events\/v1\/tags\/4","collection":"https:\/\/www.csepelivaroskep.hu\/galeria\/wp-json\/tribe\/events\/v1\/tags"}},{"name":"ki\u00e1ll\u00edt\u00e1s","slug":"kiallitas","term_group":0,"term_taxonomy_id":5,"taxonomy":"post_tag","description":"","parent":0,"count":37,"filter":"raw","id":5,"urls":{"self":"https:\/\/www.csepelivaroskep.hu\/galeria\/wp-json\/tribe\/events\/v1\/tags\/5","collection":"https:\/\/www.csepelivaroskep.hu\/galeria\/wp-json\/tribe\/events\/v1\/tags"}},{"name":"megnyit\u00f3","slug":"megnyito","term_group":0,"term_taxonomy_id":7,"taxonomy":"post_tag","description":"","parent":0,"count":33,"filter":"raw","id":7,"urls":{"self":"https:\/\/www.csepelivaroskep.hu\/galeria\/wp-json\/tribe\/events\/v1\/tags\/7","collection":"https:\/\/www.csepelivaroskep.hu\/galeria\/wp-json\/tribe\/events\/v1\/tags"}},{"name":"m\u0171v\u00e9szet","slug":"muveszet","term_group":0,"term_taxonomy_id":6,"taxonomy":"post_tag","description":"","parent":0,"count":28,"filter":"raw","id":6,"urls":{"self":"https:\/\/www.csepelivaroskep.hu\/galeria\/wp-json\/tribe\/events\/v1\/tags\/6","collection":"https:\/\/www.csepelivaroskep.hu\/galeria\/wp-json\/tribe\/events\/v1\/tags"}}],"venue":{"id":63,"author":"1","status":"publish","date":"2018-05-28 18:32:09","date_utc":"2018-05-28 18:32:09","modified":"2018-05-28 18:32:09","modified_utc":"2018-05-28 18:32:09","url":"https:\/\/www.csepelivaroskep.hu\/galeria\/helyszin\/csepel-galeria\/","venue":"Csepel Gal\u00e9ria","slug":"csepel-galeria","address":"Csete Bal\u00e1zs u. 15.","city":"Budapest","country":"Magyarorsz\u00e1g","zip":"1215","json_ld":{"@type":"Place","name":"Csepel Gal\u00e9ria","description":"","url":"","address":{"@type":"PostalAddress","streetAddress":"Csete Bal\u00e1zs u. 15.","addressLocality":"Budapest","postalCode":"1215","addressCountry":"Magyarorsz\u00e1g"},"telephone":"","sameAs":""},"show_map":true,"show_map_link":true,"global_id":"www.csepelivaroskep.hu\/galeria?id=63","global_id_lineage":["www.csepelivaroskep.hu\/galeria?id=63"]},"organizer":[],"json_ld":{"@context":"http:\/\/schema.org","@type":"Event","name":"Filp Csaba ki\u00e1ll\u00edt\u00e1sa","description":"&lt;p&gt;ET IN ARCADIA EGO in memoriam Jacopo Sannazaro&lt;\/p&gt;\\n","image":"https:\/\/www.csepelivaroskep.hu\/galeria\/wp-content\/uploads\/sites\/6\/2018\/06\/2016.04.28-filip.jpg","url":"https:\/\/www.csepelivaroskep.hu\/galeria\/programok\/filp-csaba-kiallitasa\/","startDate":"2016-04-28T17:00:00+00:00","endDate":"2016-05-20T16:00:00+00:00","location":{"@type":"Place","name":"Csepel Gal\u00e9ria","description":"","url":"","address":{"@type":"PostalAddress","streetAddress":"Csete Bal\u00e1zs u. 15.","addressLocality":"Budapest","postalCode":"1215","addressCountry":"Magyarorsz\u00e1g"},"telephone":"","sameAs":""},"performer":"Organization"}}