{"id":70,"global_id":"www.csepelivaroskep.hu\/galeria?id=70","global_id_lineage":["www.csepelivaroskep.hu\/galeria?id=70"],"author":"1","status":"publish","date":"2018-05-28 18:39:57","date_utc":"2018-05-28 18:39:57","modified":"2018-05-28 18:45:22","modified_utc":"2018-05-28 18:45:22","url":"https:\/\/www.csepelivaroskep.hu\/galeria\/programok\/velekei-jozsef-emlekkiallitas\/","rest_url":"https:\/\/www.csepelivaroskep.hu\/galeria\/wp-json\/tribe\/events\/v1\/events\/70","title":"Velekei J\u00f3zsef eml\u00e9kki\u00e1ll\u00edt\u00e1s","description":"<p>Szeretettel v\u00e1runk mindenkit Velekei J\u00f3zsef eml\u00e9k\u00e9re rendezend\u0151 ki\u00e1ll\u00edt\u00e1s megnyit\u00f3j\u00e1n<br \/>\n2015. j\u00falius 16-\u00e1n, 17 \u00f3rakor<\/p>\n<p>Velekei J\u00f3zsef grafikus \u00e9s szobr\u00e1szm\u0171v\u00e9sz eml\u00e9k\u00e9re rendeztek ki\u00e1ll\u00edt\u00e1st a Csepel Gal\u00e9ri\u00e1ban j\u00falius 16-\u00e1n. A tavaly 64 \u00e9ves kor\u00e1ban elhunyt m\u0171v\u00e9szt a g\u00f6d\u00f6ll\u0151i Als\u00f3parkban \u00e1ll\u00f3 Vil\u00e1gfa alkot\u00e1s\u00e1\u00e9rt a k\u00f6zelm\u00faltban G\u00e9mesi Gy\u00f6rgy polg\u00e1rmester Posztumusz Polg\u00e1rmesteri Ez\u00fcst\u00e9remmel t\u00fcntette ki.<\/p>\n<p>A t\u00e1rlatot F\u0171k\u0151 B\u00e9la szobr\u00e1szm\u0171v\u00e9sz nyitotta meg. Besz\u00e9d\u00e9ben m\u00e9ltatta az alkot\u00f3 munk\u00e1ss\u00e1g\u00e1t, majd szem\u00e9lyes \u00e9lm\u00e9nyein kereszt\u00fcl \u00edgy eml\u00e9kezett r\u00e1: \u201eBels\u0151 ereje, energikuss\u00e1ga, m\u0171v\u00e9szi elhivatotts\u00e1ga egyed\u00fcl\u00e1ll\u00f3v\u00e1 tette. Beavat\u00e1snak tartotta a farag\u00e1st, \u00e9s \u00e1tszellem\u00fclt munk\u00e1j\u00e1t l\u00e1tva mindig azt \u00e9reztem, hogy az egyed\u00fcli igazs\u00e1got szeretn\u00e9 megsz\u00f3laltatni a munk\u00e1iban. Minden \u00fct\u00e9s\u00e9ben ott volt a r\u00e9szv\u00e9t, az ima, \u00e9s az egys\u00e9gv\u00e9lem\u00e9ny mindenek feletti ereje\u201d \u2013 tette hozz\u00e1 a szobr\u00e1szm\u0171v\u00e9sz.<\/p>\n<p>Az egykori m\u0171v\u00e9sz ki\u00e1ll\u00edtott grafik\u00e1i \u00e9s faszobrai mellett szeretett m\u0171v\u00e9szbar\u00e1tai alkot\u00e1sai is l\u00e1that\u00f3ak a gal\u00e9ri\u00e1ban.<\/p>\n<p>A ki\u00e1ll\u00edt\u00e1s augusztus 23-ig tekinthet\u0151 meg.<\/p>\n<p><img loading=\"lazy\" class=\"alignnone size-medium wp-image-74\" src=\"http:\/\/www.csepelivaroskep.hu\/galeria\/wp-content\/uploads\/sites\/6\/2018\/05\/2015.07.16-velekei1-300x200.jpg\" alt=\"\" width=\"300\" height=\"200\" srcset=\"https:\/\/www.csepelivaroskep.hu\/galeria\/wp-content\/uploads\/sites\/6\/2018\/05\/2015.07.16-velekei1-300x200.jpg 300w, https:\/\/www.csepelivaroskep.hu\/galeria\/wp-content\/uploads\/sites\/6\/2018\/05\/2015.07.16-velekei1-768x512.jpg 768w, https:\/\/www.csepelivaroskep.hu\/galeria\/wp-content\/uploads\/sites\/6\/2018\/05\/2015.07.16-velekei1.jpg 1000w\" sizes=\"(max-width: 300px) 100vw, 300px\" \/> <img loading=\"lazy\" class=\"alignnone size-medium wp-image-75\" src=\"http:\/\/www.csepelivaroskep.hu\/galeria\/wp-content\/uploads\/sites\/6\/2018\/05\/2015.07.16-velekei2-300x200.jpg\" alt=\"\" width=\"300\" height=\"200\" srcset=\"https:\/\/www.csepelivaroskep.hu\/galeria\/wp-content\/uploads\/sites\/6\/2018\/05\/2015.07.16-velekei2-300x200.jpg 300w, https:\/\/www.csepelivaroskep.hu\/galeria\/wp-content\/uploads\/sites\/6\/2018\/05\/2015.07.16-velekei2-768x512.jpg 768w, https:\/\/www.csepelivaroskep.hu\/galeria\/wp-content\/uploads\/sites\/6\/2018\/05\/2015.07.16-velekei2.jpg 1000w\" sizes=\"(max-width: 300px) 100vw, 300px\" \/> <img loading=\"lazy\" class=\"alignnone size-medium wp-image-76\" src=\"http:\/\/www.csepelivaroskep.hu\/galeria\/wp-content\/uploads\/sites\/6\/2018\/05\/2015.07.16-velekei3-300x200.jpg\" alt=\"\" width=\"300\" height=\"200\" srcset=\"https:\/\/www.csepelivaroskep.hu\/galeria\/wp-content\/uploads\/sites\/6\/2018\/05\/2015.07.16-velekei3-300x200.jpg 300w, https:\/\/www.csepelivaroskep.hu\/galeria\/wp-content\/uploads\/sites\/6\/2018\/05\/2015.07.16-velekei3-768x512.jpg 768w, https:\/\/www.csepelivaroskep.hu\/galeria\/wp-content\/uploads\/sites\/6\/2018\/05\/2015.07.16-velekei3.jpg 1000w\" sizes=\"(max-width: 300px) 100vw, 300px\" \/> <img loading=\"lazy\" class=\"alignnone size-medium wp-image-78\" src=\"http:\/\/www.csepelivaroskep.hu\/galeria\/wp-content\/uploads\/sites\/6\/2018\/05\/2015.07.16-velekei4-300x200.jpg\" alt=\"\" width=\"300\" height=\"200\" srcset=\"https:\/\/www.csepelivaroskep.hu\/galeria\/wp-content\/uploads\/sites\/6\/2018\/05\/2015.07.16-velekei4-300x200.jpg 300w, https:\/\/www.csepelivaroskep.hu\/galeria\/wp-content\/uploads\/sites\/6\/2018\/05\/2015.07.16-velekei4-768x512.jpg 768w, https:\/\/www.csepelivaroskep.hu\/galeria\/wp-content\/uploads\/sites\/6\/2018\/05\/2015.07.16-velekei4.jpg 1000w\" sizes=\"(max-width: 300px) 100vw, 300px\" \/> <img loading=\"lazy\" class=\"alignnone size-medium wp-image-79\" src=\"http:\/\/www.csepelivaroskep.hu\/galeria\/wp-content\/uploads\/sites\/6\/2018\/05\/2015.07.16-velekei5-300x200.jpg\" alt=\"\" width=\"300\" height=\"200\" srcset=\"https:\/\/www.csepelivaroskep.hu\/galeria\/wp-content\/uploads\/sites\/6\/2018\/05\/2015.07.16-velekei5-300x200.jpg 300w, https:\/\/www.csepelivaroskep.hu\/galeria\/wp-content\/uploads\/sites\/6\/2018\/05\/2015.07.16-velekei5-768x512.jpg 768w, https:\/\/www.csepelivaroskep.hu\/galeria\/wp-content\/uploads\/sites\/6\/2018\/05\/2015.07.16-velekei5.jpg 1000w\" sizes=\"(max-width: 300px) 100vw, 300px\" \/> <img loading=\"lazy\" class=\"alignnone size-medium wp-image-80\" src=\"http:\/\/www.csepelivaroskep.hu\/galeria\/wp-content\/uploads\/sites\/6\/2018\/05\/2015.07.16-velekei6-300x200.jpg\" alt=\"\" width=\"300\" height=\"200\" srcset=\"https:\/\/www.csepelivaroskep.hu\/galeria\/wp-content\/uploads\/sites\/6\/2018\/05\/2015.07.16-velekei6-300x200.jpg 300w, https:\/\/www.csepelivaroskep.hu\/galeria\/wp-content\/uploads\/sites\/6\/2018\/05\/2015.07.16-velekei6-768x512.jpg 768w, https:\/\/www.csepelivaroskep.hu\/galeria\/wp-content\/uploads\/sites\/6\/2018\/05\/2015.07.16-velekei6.jpg 1000w\" sizes=\"(max-width: 300px) 100vw, 300px\" \/> <img loading=\"lazy\" class=\"alignnone size-medium wp-image-81\" src=\"http:\/\/www.csepelivaroskep.hu\/galeria\/wp-content\/uploads\/sites\/6\/2018\/05\/2015.07.16-velekei7-300x200.jpg\" alt=\"\" width=\"300\" height=\"200\" srcset=\"https:\/\/www.csepelivaroskep.hu\/galeria\/wp-content\/uploads\/sites\/6\/2018\/05\/2015.07.16-velekei7-300x200.jpg 300w, https:\/\/www.csepelivaroskep.hu\/galeria\/wp-content\/uploads\/sites\/6\/2018\/05\/2015.07.16-velekei7-768x512.jpg 768w, https:\/\/www.csepelivaroskep.hu\/galeria\/wp-content\/uploads\/sites\/6\/2018\/05\/2015.07.16-velekei7.jpg 1000w\" sizes=\"(max-width: 300px) 100vw, 300px\" \/> <img loading=\"lazy\" class=\"alignnone size-medium wp-image-82\" src=\"http:\/\/www.csepelivaroskep.hu\/galeria\/wp-content\/uploads\/sites\/6\/2018\/05\/2015.07.16-velekei8-300x200.jpg\" alt=\"\" width=\"300\" height=\"200\" srcset=\"https:\/\/www.csepelivaroskep.hu\/galeria\/wp-content\/uploads\/sites\/6\/2018\/05\/2015.07.16-velekei8-300x200.jpg 300w, https:\/\/www.csepelivaroskep.hu\/galeria\/wp-content\/uploads\/sites\/6\/2018\/05\/2015.07.16-velekei8-768x512.jpg 768w, https:\/\/www.csepelivaroskep.hu\/galeria\/wp-content\/uploads\/sites\/6\/2018\/05\/2015.07.16-velekei8.jpg 1000w\" sizes=\"(max-width: 300px) 100vw, 300px\" \/> <img loading=\"lazy\" class=\"alignnone size-medium wp-image-83\" src=\"http:\/\/www.csepelivaroskep.hu\/galeria\/wp-content\/uploads\/sites\/6\/2018\/05\/2015.07.16-velekei9-300x200.jpg\" alt=\"\" width=\"300\" height=\"200\" srcset=\"https:\/\/www.csepelivaroskep.hu\/galeria\/wp-content\/uploads\/sites\/6\/2018\/05\/2015.07.16-velekei9-300x200.jpg 300w, https:\/\/www.csepelivaroskep.hu\/galeria\/wp-content\/uploads\/sites\/6\/2018\/05\/2015.07.16-velekei9-768x512.jpg 768w, https:\/\/www.csepelivaroskep.hu\/galeria\/wp-content\/uploads\/sites\/6\/2018\/05\/2015.07.16-velekei9.jpg 1000w\" sizes=\"(max-width: 300px) 100vw, 300px\" \/> <img loading=\"lazy\" class=\"alignnone size-medium wp-image-84\" src=\"http:\/\/www.csepelivaroskep.hu\/galeria\/wp-content\/uploads\/sites\/6\/2018\/05\/2015.07.16-velekei10-200x300.jpg\" alt=\"\" width=\"200\" height=\"300\" srcset=\"https:\/\/www.csepelivaroskep.hu\/galeria\/wp-content\/uploads\/sites\/6\/2018\/05\/2015.07.16-velekei10-200x300.jpg 200w, https:\/\/www.csepelivaroskep.hu\/galeria\/wp-content\/uploads\/sites\/6\/2018\/05\/2015.07.16-velekei10.jpg 667w\" sizes=\"(max-width: 200px) 100vw, 200px\" \/> <img loading=\"lazy\" class=\"alignnone size-medium wp-image-85\" src=\"http:\/\/www.csepelivaroskep.hu\/galeria\/wp-content\/uploads\/sites\/6\/2018\/05\/2015.07.16-velekei11-200x300.jpg\" alt=\"\" width=\"200\" height=\"300\" srcset=\"https:\/\/www.csepelivaroskep.hu\/galeria\/wp-content\/uploads\/sites\/6\/2018\/05\/2015.07.16-velekei11-200x300.jpg 200w, https:\/\/www.csepelivaroskep.hu\/galeria\/wp-content\/uploads\/sites\/6\/2018\/05\/2015.07.16-velekei11.jpg 667w\" sizes=\"(max-width: 200px) 100vw, 200px\" \/> <img loading=\"lazy\" class=\"alignnone size-medium wp-image-86\" src=\"http:\/\/www.csepelivaroskep.hu\/galeria\/wp-content\/uploads\/sites\/6\/2018\/05\/2015.07.16-velekei12-200x300.jpg\" alt=\"\" width=\"200\" height=\"300\" srcset=\"https:\/\/www.csepelivaroskep.hu\/galeria\/wp-content\/uploads\/sites\/6\/2018\/05\/2015.07.16-velekei12-200x300.jpg 200w, https:\/\/www.csepelivaroskep.hu\/galeria\/wp-content\/uploads\/sites\/6\/2018\/05\/2015.07.16-velekei12.jpg 667w\" sizes=\"(max-width: 200px) 100vw, 200px\" \/> <img loading=\"lazy\" class=\"alignnone size-medium wp-image-87\" src=\"http:\/\/www.csepelivaroskep.hu\/galeria\/wp-content\/uploads\/sites\/6\/2018\/05\/2015.07.16-velekei13-200x300.jpg\" alt=\"\" width=\"200\" height=\"300\" srcset=\"https:\/\/www.csepelivaroskep.hu\/galeria\/wp-content\/uploads\/sites\/6\/2018\/05\/2015.07.16-velekei13-200x300.jpg 200w, https:\/\/www.csepelivaroskep.hu\/galeria\/wp-content\/uploads\/sites\/6\/2018\/05\/2015.07.16-velekei13.jpg 667w\" sizes=\"(max-width: 200px) 100vw, 200px\" \/> <img loading=\"lazy\" class=\"alignnone size-medium wp-image-88\" src=\"http:\/\/www.csepelivaroskep.hu\/galeria\/wp-content\/uploads\/sites\/6\/2018\/05\/2015.07.16-velekei14-200x300.jpg\" alt=\"\" width=\"200\" height=\"300\" srcset=\"https:\/\/www.csepelivaroskep.hu\/galeria\/wp-content\/uploads\/sites\/6\/2018\/05\/2015.07.16-velekei14-200x300.jpg 200w, https:\/\/www.csepelivaroskep.hu\/galeria\/wp-content\/uploads\/sites\/6\/2018\/05\/2015.07.16-velekei14.jpg 667w\" sizes=\"(max-width: 200px) 100vw, 200px\" \/> <img loading=\"lazy\" class=\"alignnone size-medium wp-image-89\" src=\"http:\/\/www.csepelivaroskep.hu\/galeria\/wp-content\/uploads\/sites\/6\/2018\/05\/2015.07.16-velekei15-300x200.jpg\" alt=\"\" width=\"300\" height=\"200\" srcset=\"https:\/\/www.csepelivaroskep.hu\/galeria\/wp-content\/uploads\/sites\/6\/2018\/05\/2015.07.16-velekei15-300x200.jpg 300w, https:\/\/www.csepelivaroskep.hu\/galeria\/wp-content\/uploads\/sites\/6\/2018\/05\/2015.07.16-velekei15-768x512.jpg 768w, https:\/\/www.csepelivaroskep.hu\/galeria\/wp-content\/uploads\/sites\/6\/2018\/05\/2015.07.16-velekei15.jpg 1000w\" sizes=\"(max-width: 300px) 100vw, 300px\" \/> <img loading=\"lazy\" class=\"alignnone size-medium wp-image-90\" src=\"http:\/\/www.csepelivaroskep.hu\/galeria\/wp-content\/uploads\/sites\/6\/2018\/05\/2015.07.16-velekei16-300x200.jpg\" alt=\"\" width=\"300\" height=\"200\" srcset=\"https:\/\/www.csepelivaroskep.hu\/galeria\/wp-content\/uploads\/sites\/6\/2018\/05\/2015.07.16-velekei16-300x200.jpg 300w, https:\/\/www.csepelivaroskep.hu\/galeria\/wp-content\/uploads\/sites\/6\/2018\/05\/2015.07.16-velekei16-768x512.jpg 768w, https:\/\/www.csepelivaroskep.hu\/galeria\/wp-content\/uploads\/sites\/6\/2018\/05\/2015.07.16-velekei16.jpg 1000w\" sizes=\"(max-width: 300px) 100vw, 300px\" \/> <img loading=\"lazy\" class=\"alignnone size-medium wp-image-91\" src=\"http:\/\/www.csepelivaroskep.hu\/galeria\/wp-content\/uploads\/sites\/6\/2018\/05\/2015.07.16-velekei17-200x300.jpg\" alt=\"\" width=\"200\" height=\"300\" srcset=\"https:\/\/www.csepelivaroskep.hu\/galeria\/wp-content\/uploads\/sites\/6\/2018\/05\/2015.07.16-velekei17-200x300.jpg 200w, https:\/\/www.csepelivaroskep.hu\/galeria\/wp-content\/uploads\/sites\/6\/2018\/05\/2015.07.16-velekei17.jpg 667w\" sizes=\"(max-width: 200px) 100vw, 200px\" \/> <img loading=\"lazy\" class=\"alignnone size-medium wp-image-92\" src=\"http:\/\/www.csepelivaroskep.hu\/galeria\/wp-content\/uploads\/sites\/6\/2018\/05\/2015.07.16-velekei18-200x300.jpg\" alt=\"\" width=\"200\" height=\"300\" srcset=\"https:\/\/www.csepelivaroskep.hu\/galeria\/wp-content\/uploads\/sites\/6\/2018\/05\/2015.07.16-velekei18-200x300.jpg 200w, https:\/\/www.csepelivaroskep.hu\/galeria\/wp-content\/uploads\/sites\/6\/2018\/05\/2015.07.16-velekei18.jpg 667w\" sizes=\"(max-width: 200px) 100vw, 200px\" \/><\/p>","excerpt":"<p>Ki\u00e1ll\u00edt\u00e1smegnyit\u00f3: 2015.07.16<\/p>","slug":"velekei-jozsef-emlekkiallitas","image":{"url":"https:\/\/www.csepelivaroskep.hu\/galeria\/wp-content\/uploads\/sites\/6\/2018\/05\/2015.07.16-velekei.jpg","id":71,"extension":"jpg","width":800,"height":1556,"sizes":{"thumbnail":{"width":150,"height":150,"mime-type":"image\/jpeg","url":"https:\/\/www.csepelivaroskep.hu\/galeria\/wp-content\/uploads\/sites\/6\/2018\/05\/2015.07.16-velekei-150x150.jpg"},"medium":{"width":154,"height":300,"mime-type":"image\/jpeg","url":"https:\/\/www.csepelivaroskep.hu\/galeria\/wp-content\/uploads\/sites\/6\/2018\/05\/2015.07.16-velekei-154x300.jpg"},"medium_large":{"width":768,"height":1494,"mime-type":"image\/jpeg","url":"https:\/\/www.csepelivaroskep.hu\/galeria\/wp-content\/uploads\/sites\/6\/2018\/05\/2015.07.16-velekei-768x1494.jpg"},"large":{"width":526,"height":1024,"mime-type":"image\/jpeg","url":"https:\/\/www.csepelivaroskep.hu\/galeria\/wp-content\/uploads\/sites\/6\/2018\/05\/2015.07.16-velekei-526x1024.jpg"}}},"all_day":false,"start_date":"2015-07-16 17:00:00","start_date_details":{"year":"2015","month":"07","day":"16","hour":"17","minutes":"00","seconds":"00"},"end_date":"2015-08-23 17:00:00","end_date_details":{"year":"2015","month":"08","day":"23","hour":"17","minutes":"00","seconds":"00"},"utc_start_date":"2015-07-16 17:00:00","utc_start_date_details":{"year":"2015","month":"07","day":"16","hour":"17","minutes":"00","seconds":"00"},"utc_end_date":"2015-08-23 17:00:00","utc_end_date_details":{"year":"2015","month":"08","day":"23","hour":"17","minutes":"00","seconds":"00"},"timezone":"UTC+0","timezone_abbr":"UTC+0","cost":"","cost_details":{"currency_symbol":"","currency_code":"","currency_position":"prefix","values":[]},"website":"","show_map":false,"show_map_link":false,"hide_from_listings":false,"sticky":false,"featured":false,"categories":[],"tags":[{"name":"Csepel Gal\u00e9ria","slug":"csepel-galeria","term_group":0,"term_taxonomy_id":4,"taxonomy":"post_tag","description":"","parent":0,"count":37,"filter":"raw","id":4,"urls":{"self":"https:\/\/www.csepelivaroskep.hu\/galeria\/wp-json\/tribe\/events\/v1\/tags\/4","collection":"https:\/\/www.csepelivaroskep.hu\/galeria\/wp-json\/tribe\/events\/v1\/tags"}},{"name":"ki\u00e1ll\u00edt\u00e1s","slug":"kiallitas","term_group":0,"term_taxonomy_id":5,"taxonomy":"post_tag","description":"","parent":0,"count":37,"filter":"raw","id":5,"urls":{"self":"https:\/\/www.csepelivaroskep.hu\/galeria\/wp-json\/tribe\/events\/v1\/tags\/5","collection":"https:\/\/www.csepelivaroskep.hu\/galeria\/wp-json\/tribe\/events\/v1\/tags"}},{"name":"megnyit\u00f3","slug":"megnyito","term_group":0,"term_taxonomy_id":7,"taxonomy":"post_tag","description":"","parent":0,"count":33,"filter":"raw","id":7,"urls":{"self":"https:\/\/www.csepelivaroskep.hu\/galeria\/wp-json\/tribe\/events\/v1\/tags\/7","collection":"https:\/\/www.csepelivaroskep.hu\/galeria\/wp-json\/tribe\/events\/v1\/tags"}},{"name":"m\u0171v\u00e9szet","slug":"muveszet","term_group":0,"term_taxonomy_id":6,"taxonomy":"post_tag","description":"","parent":0,"count":28,"filter":"raw","id":6,"urls":{"self":"https:\/\/www.csepelivaroskep.hu\/galeria\/wp-json\/tribe\/events\/v1\/tags\/6","collection":"https:\/\/www.csepelivaroskep.hu\/galeria\/wp-json\/tribe\/events\/v1\/tags"}}],"venue":{"id":63,"author":"1","status":"publish","date":"2018-05-28 18:32:09","date_utc":"2018-05-28 18:32:09","modified":"2018-05-28 18:32:09","modified_utc":"2018-05-28 18:32:09","url":"https:\/\/www.csepelivaroskep.hu\/galeria\/helyszin\/csepel-galeria\/","venue":"Csepel Gal\u00e9ria","slug":"csepel-galeria","address":"Csete Bal\u00e1zs u. 15.","city":"Budapest","country":"Magyarorsz\u00e1g","zip":"1215","json_ld":{"@type":"Place","name":"Csepel Gal\u00e9ria","description":"","url":"","address":{"@type":"PostalAddress","streetAddress":"Csete Bal\u00e1zs u. 15.","addressLocality":"Budapest","postalCode":"1215","addressCountry":"Magyarorsz\u00e1g"},"telephone":"","sameAs":""},"show_map":true,"show_map_link":true,"global_id":"www.csepelivaroskep.hu\/galeria?id=63","global_id_lineage":["www.csepelivaroskep.hu\/galeria?id=63"]},"organizer":[],"json_ld":{"@context":"http:\/\/schema.org","@type":"Event","name":"Velekei J\u00f3zsef eml\u00e9kki\u00e1ll\u00edt\u00e1s","description":"&lt;p&gt;Ki\u00e1ll\u00edt\u00e1smegnyit\u00f3: 2015.07.16&lt;\/p&gt;\\n","image":"https:\/\/www.csepelivaroskep.hu\/galeria\/wp-content\/uploads\/sites\/6\/2018\/05\/2015.07.16-velekei.jpg","url":"https:\/\/www.csepelivaroskep.hu\/galeria\/programok\/velekei-jozsef-emlekkiallitas\/","startDate":"2015-07-16T17:00:00+00:00","endDate":"2015-08-23T17:00:00+00:00","location":{"@type":"Place","name":"Csepel Gal\u00e9ria","description":"","url":"","address":{"@type":"PostalAddress","streetAddress":"Csete Bal\u00e1zs u. 15.","addressLocality":"Budapest","postalCode":"1215","addressCountry":"Magyarorsz\u00e1g"},"telephone":"","sameAs":""},"performer":"Organization"}}