{"id":167,"date":"2018-09-20T09:02:04","date_gmt":"2018-09-20T09:02:04","guid":{"rendered":"http:\/\/www.csepelivaroskep.hu\/galeria\/?p=167"},"modified":"2018-09-20T09:02:04","modified_gmt":"2018-09-20T09:02:04","slug":"erdelyi-sandor-kiallitasa-a-csepel-galeriaban","status":"publish","type":"post","link":"https:\/\/www.csepelivaroskep.hu\/galeria\/2018\/09\/20\/erdelyi-sandor-kiallitasa-a-csepel-galeriaban\/","title":{"rendered":"Erd\u00e9lyi S\u00e1ndor ki\u00e1ll\u00edt\u00e1sa a Csepel Gal\u00e9ri\u00e1ban"},"content":{"rendered":"<p>Nagy \u00e9rdekl\u0151d\u00e9s k\u00eds\u00e9rte Erd\u00e9lyi S\u00e1ndor fest\u0151m\u0171v\u00e9sz ki\u00e1ll\u00edt\u00e1s megnyit\u00f3j\u00e1t szeptember 6-\u00e1n. A m\u0171v\u00e9sz munk\u00e1ss\u00e1g\u00e1t m\u00e9ltatva Kirj\u00e1k Mikl\u00f3s elmondta: Erd\u00e9lyi munk\u00e1it, azok kidolgozotts\u00e1g\u00e1t tartalmi kifejez\u00e9s\u00e9t sosem a technikai korl\u00e1tok, hanem az alkot\u00f3i sz\u00e1nd\u00e9k, a gondolatis\u00e1g, el\u0151zetesen gondosan kidolgozott v\u00e1zlatok \u00e9s tervek hat\u00e1rozz\u00e1k meg, s\u0151t az absztrakt m\u0171v\u00e9szet \u00e9s kifejez\u00e9sform\u00e1k fel\u00e9 fordul\u00e1s is, anyagokkal val\u00f3 k\u00eds\u00e9rletez\u00e9s ind\u00edtja el. Egyszerre \u00e9s b\u00e1tran haszn\u00e1lja a m\u0171v\u00e9szeti \u00e9s ipari c\u00e9lra sz\u00e1nt anyagokat, fest\u00e9keket. Szemrebben\u00e9s n\u00e9lk\u00fcl keveri az akrilt olaj vagy zom\u00e1ncfest\u00e9kkel. T\u00e9mav\u00e1laszt\u00e1s\u00e1t er\u0151teljes szimb\u00f3lumok, a kivitelez\u00e9st olykor visszafogott harmonikus, m\u00e1skor hars\u00e1ny sz\u00edn jellemzi.<\/p>\n","protected":false},"excerpt":{"rendered":"<p>Nagy \u00e9rdekl\u0151d\u00e9s k\u00eds\u00e9rte Erd\u00e9lyi S\u00e1ndor fest\u0151m\u0171v\u00e9sz ki\u00e1ll\u00edt\u00e1s megnyit\u00f3j\u00e1t szeptember 6-\u00e1n. A m\u0171v\u00e9sz munk\u00e1ss\u00e1g\u00e1t m\u00e9ltatva Kirj\u00e1k Mikl\u00f3s elmondta: Erd\u00e9lyi munk\u00e1it, azok kidolgozotts\u00e1g\u00e1t tartalmi kifejez\u00e9s\u00e9t sosem a technikai korl\u00e1tok, hanem az alkot\u00f3i sz\u00e1nd\u00e9k, a gondolatis\u00e1g, el\u0151zetesen gondosan kidolgozott v\u00e1zlatok \u00e9s tervek hat\u00e1rozz\u00e1k meg, s\u0151t az absztrakt m\u0171v\u00e9szet \u00e9s kifejez\u00e9sform\u00e1k fel\u00e9 fordul\u00e1s is, anyagokkal val\u00f3 k\u00eds\u00e9rletez\u00e9s ind\u00edtja el. [&hellip;]<\/p>\n","protected":false},"author":7,"featured_media":168,"comment_status":"open","ping_status":"open","sticky":false,"template":"","format":"standard","meta":[],"categories":[1],"tags":[13,11,15,10,5,12,14],"acf":[],"_links":{"self":[{"href":"https:\/\/www.csepelivaroskep.hu\/galeria\/wp-json\/wp\/v2\/posts\/167"}],"collection":[{"href":"https:\/\/www.csepelivaroskep.hu\/galeria\/wp-json\/wp\/v2\/posts"}],"about":[{"href":"https:\/\/www.csepelivaroskep.hu\/galeria\/wp-json\/wp\/v2\/types\/post"}],"author":[{"embeddable":true,"href":"https:\/\/www.csepelivaroskep.hu\/galeria\/wp-json\/wp\/v2\/users\/7"}],"replies":[{"embeddable":true,"href":"https:\/\/www.csepelivaroskep.hu\/galeria\/wp-json\/wp\/v2\/comments?post=167"}],"version-history":[{"count":1,"href":"https:\/\/www.csepelivaroskep.hu\/galeria\/wp-json\/wp\/v2\/posts\/167\/revisions"}],"predecessor-version":[{"id":169,"href":"https:\/\/www.csepelivaroskep.hu\/galeria\/wp-json\/wp\/v2\/posts\/167\/revisions\/169"}],"wp:featuredmedia":[{"embeddable":true,"href":"https:\/\/www.csepelivaroskep.hu\/galeria\/wp-json\/wp\/v2\/media\/168"}],"wp:attachment":[{"href":"https:\/\/www.csepelivaroskep.hu\/galeria\/wp-json\/wp\/v2\/media?parent=167"}],"wp:term":[{"taxonomy":"category","embeddable":true,"href":"https:\/\/www.csepelivaroskep.hu\/galeria\/wp-json\/wp\/v2\/categories?post=167"},{"taxonomy":"post_tag","embeddable":true,"href":"https:\/\/www.csepelivaroskep.hu\/galeria\/wp-json\/wp\/v2\/tags?post=167"}],"curies":[{"name":"wp","href":"https:\/\/api.w.org\/{rel}","templated":true}]}}