{"id":1008,"date":"2018-12-13T08:52:06","date_gmt":"2018-12-13T08:52:06","guid":{"rendered":"http:\/\/www.csepelivaroskep.hu\/hirmondo\/?p=1008"},"modified":"2018-12-13T08:52:06","modified_gmt":"2018-12-13T08:52:06","slug":"megujult-az-ottusazok-tornaterme","status":"publish","type":"post","link":"https:\/\/www.csepelivaroskep.hu\/hirmondo\/2018\/12\/13\/megujult-az-ottusazok-tornaterme\/","title":{"rendered":"Meg\u00fajult az \u00f6ttus\u00e1z\u00f3k tornaterme"},"content":{"rendered":"<div class=\"itemIntroText\">\n<p>\u00c1tadt\u00e1k a Csepeli \u00d6ttusa \u00e9s Vizi Sport Egyes\u00fclet \u00faj funkcion\u00e1lis tornaterm\u00e9t, amely S\u00e1rfalvi B\u00e9la csepeli \u00f6ttus\u00e1z\u00f3 \u00e9s edz\u0151 nev\u00e9t fogja viselni.A Csepeli Strandf\u00fcrd\u0151 ter\u00fclet\u00e9n tal\u00e1lhat\u00f3 fel\u00faj\u00edtott tornaterem a csepeli \u00f6ttus\u00e1z\u00f3k \u00e9s v\u00edv\u00f3k \u00faj otthon\u00e1v\u00e1 v\u00e1lhat.<\/p>\n<\/div>\n<div class=\"itemFullText\">\n<p>P\u00e9csi G\u00e1bor mesteredz\u0151 besz\u00e9d\u00e9t azzal kezdte, hogy fordul\u00f3ponthoz \u00e9rkezett a csepeli \u00f6ttusa t\u00f6rt\u00e9nete, amely71 \u00e9ves fenn\u00e1ll\u00e1sa \u00f3ta sikert sikerre halmozott, viszont a l\u00e9tes\u00edtm\u00e9nyek vonatkoz\u00e1s\u00e1ban mindig neh\u00e9z id\u0151szakokat \u00e9ltek \u00e1t. Megeml\u00e9kezett az olasz Italo Santelli v\u00edv\u00f3mesterr\u0151l, aki kardv\u00edv\u00e1sban ez\u00fcst\u00e9rmet szerzett az 1900-as p\u00e1rizsi olimpi\u00e1n, majd a Magyar Atl\u00e9tikai Club megb\u00edz\u00e1s\u00e1b\u00f3l v\u00edv\u00e1sra oktatta a magyar tehets\u00e9geket. Az Erzs\u00e9bet k\u00f6r\u00faton, majd 1933-t\u00f3l a J\u00f3zsef n\u00e1dor t\u00e9ren l\u00e9v\u0151 v\u00edv\u00f3teremben h\u00e1rom \u00e9vtizeden \u00e1t sz\u00e1mos olimpiai-, vil\u00e1g-, \u00e9s eur\u00f3pai bajnokot nevelt haz\u00e1nknak. P\u00e9ld\u00e1ul Gerevich Alad\u00e1r is az \u0151 keze alatt tanulta meg a mesterfog\u00e1sokat. Rem\u00e9ny\u00e9t fejezte ki, hogy ugyanaz az elhivatotts\u00e1g k\u00f6lt\u00f6zik a S\u00e1rfalvi B\u00e9la tornaterembe, amely egykor a legend\u00e1s Santelli-v\u00edv\u00f3termet is \u00e1thatotta. Besz\u00e9de v\u00e9g\u00e9n k\u00f6sz\u00f6netet mondott az \u00f6nkorm\u00e1nyzatnak a fel\u00faj\u00edt\u00e1shoz ny\u00fajtott seg\u00edts\u00e9g\u00e9rt.<\/p>\n<p>S\u00e1rfalvi P\u00e9ter vil\u00e1g- \u00e9s Eur\u00f3pa-bajnok \u00f6ttus\u00e1z\u00f3 felid\u00e9zte a J\u00f3zsef n\u00e1dor t\u00e9ri v\u00edv\u00f3\u00e9lm\u00e9nyeit, majd p\u00e9lda\u00e9rt\u00e9k\u0171nek nevezte, hogy Csepelen pezsg\u0151 sport\u00e9let van.<br \/>\nBorb\u00e9ly L\u00e9n\u00e1rd polg\u00e1rmester \u00f6r\u00f6m\u00e9t fejezte ki, hogy a strandf\u00fcrd\u0151 egyik elhanyagolt \u00e9p\u00fclete meg\u00fajulhatott. Hozz\u00e1tette, a fejleszt\u00e9s folytat\u00f3dik, a tervek szerint a S\u00e1rfalvi B\u00e9la tornaterem melletti \u00e9p\u00fcletet is fel\u00faj\u00edtj\u00e1k, \u00e9s a k\u00e9t helyis\u00e9g egybenyithat\u00f3v\u00e1 v\u00e1lik. A polg\u00e1rmester besz\u00e9lt arr\u00f3l is, hogy a Csepel SC Alap\u00edtv\u00e1ny egy ingatlanbefektet\u0151-c\u00e9gcsoport tulajdon\u00e1ban van, amely lak\u00f3parkot szeretne a B\u00e9ke t\u00e9rre \u00e9p\u00edttetni, ez\u00e9rt hagyj\u00e1k a sporttelepet lepusztulni, ahonnan legut\u00f3bb m\u00e1r a v\u00edv\u00f3k is elk\u00f6lt\u00f6ztek. Megjegyezte, hi\u00e1ba aj\u00e1nlotta az alap\u00edtv\u00e1ny tulajdonosainak, hogy ha k\u00f6ztulajdonba adj\u00e1k a B\u00e9ke t\u00e9ri sporttelepet, az \u00f6nkorm\u00e1nyzat fel\u00faj\u00edttatja. Kit\u00e9rt arra is, hogy a csepeli strand \u00fczemeltet\u00e9si jog\u00e1t az \u00f6nkorm\u00e1nyzat \u00e1tvette a F\u0151v\u00e1rosi \u00d6nkorm\u00e1nyzat c\u00e9g\u00e9t\u0151l, a BGYH Zrt-t\u0151l. A v\u00e1rosvezet\u00e9s szeretn\u00e9, ha a csepeli strand az \u00f6nkorm\u00e1nyzat tulajdon\u00e1ban lenne, mert amikor a BGYH Zrt. kezel\u00e9s\u00e9ben volt, a f\u0151v\u00e1ros nem foglalkozott a strand fel\u00faj\u00edt\u00e1s\u00e1val. Ami\u00f3ta a strand az \u00f6nkorm\u00e1nyzat kezel\u00e9s\u00e9ben van, \u00f6sszesen f\u00e9lmilli\u00e1rd forintot ford\u00edtottak fel\u00faj\u00edt\u00e1sra. A fel\u00faj\u00edt\u00e1s m\u00e1sodik \u00fcteme m\u00e1jusban fejez\u0151dik be: a s\u00e1tortet\u0151s \u00e9p\u00fcleteket elbontj\u00e1k \u00e9s \u00faj \u00f6lt\u00f6z\u0151rendszert alak\u00edtanak ki.<\/p>\n<p>Az egyes\u00fclet vezet\u0151s\u00e9ge a tornaterem fel\u00faj\u00edt\u00e1s\u00e1nak eml\u00e9k\u00e9re egy bekeretezett f\u00e9nyk\u00e9pet aj\u00e1nd\u00e9kozott a polg\u00e1rmesternek. A fot\u00f3 \u2013 amelyen S\u00e1rfalvi B\u00e9la, Balcz\u00f3 Andr\u00e1s \u00e9s Vill\u00e1nyi Zsigmond l\u00e1that\u00f3 \u2013 1971-ben k\u00e9sz\u00fclt Csepelen, a II-ik \u00d6ttusa Versenyen.<br \/>\nPataki Zolt\u00e1n, az egyes\u00fclet eln\u00f6ke k\u00e9rd\u00e9s\u00fcnkre elmondta, az elhanyagolt \u00e1llapotban l\u00e9v\u0151 teremben csak er\u0151s\u00edt\u0151 gyakorlatokat tudtak tartani, l\u0151ni, v\u00edvni nem lehetett. A fel\u00faj\u00edtott tornateremben most egyszerre ak\u00e1r 60-70-en is sportolhatnak. A helyis\u00e9g alkalmas l\u00f6v\u0151- \u00e9s v\u00edv\u00f3edz\u00e9sekre, valamint l\u00e9zerl\u00f6v\u00e9szetre.<\/p>\n<p>Az \u00e1tad\u00e1son r\u00e9szt vett m\u00e9g Morovik Attila alpolg\u00e1rmester, valamint a csepeli \u00e9s az eg\u00e9sz \u00f6ttusasport emblematikus alakjai. Tisztelet\u00e9t tette t\u00f6bbek k\u00f6z\u00f6tt Balcz\u00f3 Andr\u00e1s, a Nemzet Sportol\u00f3ja, h\u00e1romszoros olimpiai bajnok, Benedek Ferenc mesteredz\u0151, a magyar \u201e\u00f6ttusap\u00e1pa\u201d, F\u00f6ldi L\u00e1szl\u00f3 mesteredz\u0151, N\u00e9meth Ferenc k\u00e9tszeres olimpiai bajnok, Dobi Lajos vil\u00e1gbajnoki ez\u00fcst\u00e9rmes, valamint Hanz\u00e9ly \u00c1kos Eur\u00f3pa- \u00e9s vil\u00e1gbajnok.<\/p>\n<p><img loading=\"lazy\" class=\"alignnone size-medium wp-image-1009\" src=\"http:\/\/www.csepelivaroskep.hu\/hirmondo\/wp-content\/uploads\/sites\/7\/2018\/12\/TBE_2859-300x130.jpg\" alt=\"\" width=\"300\" height=\"130\" srcset=\"https:\/\/www.csepelivaroskep.hu\/hirmondo\/wp-content\/uploads\/sites\/7\/2018\/12\/TBE_2859-300x130.jpg 300w, https:\/\/www.csepelivaroskep.hu\/hirmondo\/wp-content\/uploads\/sites\/7\/2018\/12\/TBE_2859-768x332.jpg 768w, https:\/\/www.csepelivaroskep.hu\/hirmondo\/wp-content\/uploads\/sites\/7\/2018\/12\/TBE_2859-1024x443.jpg 1024w, https:\/\/www.csepelivaroskep.hu\/hirmondo\/wp-content\/uploads\/sites\/7\/2018\/12\/TBE_2859.jpg 1200w\" sizes=\"(max-width: 300px) 100vw, 300px\" \/><\/p>\n<\/div>\n","protected":false},"excerpt":{"rendered":"<p>\u00c1tadt\u00e1k a Csepeli \u00d6ttusa \u00e9s Vizi Sport Egyes\u00fclet \u00faj funkcion\u00e1lis tornaterm\u00e9t, amely S\u00e1rfalvi B\u00e9la csepeli \u00f6ttus\u00e1z\u00f3 \u00e9s edz\u0151 nev\u00e9t fogja viselni.A Csepeli Strandf\u00fcrd\u0151 ter\u00fclet\u00e9n tal\u00e1lhat\u00f3 fel\u00faj\u00edtott tornaterem a csepeli \u00f6ttus\u00e1z\u00f3k \u00e9s v\u00edv\u00f3k \u00faj otthon\u00e1v\u00e1 v\u00e1lhat.\u00a0<\/p>\n","protected":false},"author":8,"featured_media":1009,"comment_status":"open","ping_status":"open","sticky":false,"template":"","format":"standard","meta":[],"categories":[7],"tags":[56,118,119,117],"acf":[],"_links":{"self":[{"href":"https:\/\/www.csepelivaroskep.hu\/hirmondo\/wp-json\/wp\/v2\/posts\/1008"}],"collection":[{"href":"https:\/\/www.csepelivaroskep.hu\/hirmondo\/wp-json\/wp\/v2\/posts"}],"about":[{"href":"https:\/\/www.csepelivaroskep.hu\/hirmondo\/wp-json\/wp\/v2\/types\/post"}],"author":[{"embeddable":true,"href":"https:\/\/www.csepelivaroskep.hu\/hirmondo\/wp-json\/wp\/v2\/users\/8"}],"replies":[{"embeddable":true,"href":"https:\/\/www.csepelivaroskep.hu\/hirmondo\/wp-json\/wp\/v2\/comments?post=1008"}],"version-history":[{"count":1,"href":"https:\/\/www.csepelivaroskep.hu\/hirmondo\/wp-json\/wp\/v2\/posts\/1008\/revisions"}],"predecessor-version":[{"id":1010,"href":"https:\/\/www.csepelivaroskep.hu\/hirmondo\/wp-json\/wp\/v2\/posts\/1008\/revisions\/1010"}],"wp:featuredmedia":[{"embeddable":true,"href":"https:\/\/www.csepelivaroskep.hu\/hirmondo\/wp-json\/wp\/v2\/media\/1009"}],"wp:attachment":[{"href":"https:\/\/www.csepelivaroskep.hu\/hirmondo\/wp-json\/wp\/v2\/media?parent=1008"}],"wp:term":[{"taxonomy":"category","embeddable":true,"href":"https:\/\/www.csepelivaroskep.hu\/hirmondo\/wp-json\/wp\/v2\/categories?post=1008"},{"taxonomy":"post_tag","embeddable":true,"href":"https:\/\/www.csepelivaroskep.hu\/hirmondo\/wp-json\/wp\/v2\/tags?post=1008"}],"curies":[{"name":"wp","href":"https:\/\/api.w.org\/{rel}","templated":true}]}}