{"id":1019,"date":"2018-12-17T07:12:43","date_gmt":"2018-12-17T07:12:43","guid":{"rendered":"http:\/\/www.csepelivaroskep.hu\/hirmondo\/?p=1019"},"modified":"2018-12-17T07:12:43","modified_gmt":"2018-12-17T07:12:43","slug":"csepeli-hirmondo-ix-30-szam","status":"publish","type":"post","link":"https:\/\/www.csepelivaroskep.hu\/hirmondo\/2018\/12\/17\/csepeli-hirmondo-ix-30-szam\/","title":{"rendered":"Csepeli H\u00edrmond\u00f3 IX\/30.sz\u00e1m"},"content":{"rendered":"<p>Megjelent a Csepeli H\u00edrmond\u00f3 idei utols\u00f3 sz\u00e1ma. Az \u00fajs\u00e1gban a ker\u00fcleti h\u00edrek, esem\u00e9nyek mellett egy 2019-es napt\u00e1r is tal\u00e1lhat\u00f3! A tartalomb\u00f3l: Megsz\u0171nik\u00a0 a gar\u00e1zsad\u00f3 Csepelen,\u00a0 Csepel \u00e9len j\u00e1r a fogyat\u00e9kkal \u00e9l\u0151k t\u00e1mogat\u00e1s\u00e1ban, Adventi gyertyagy\u00fajt\u00e1sok, \u00c9letment\u0151 rend\u0151r\u00f6k, H\u00edrek a csepeli iskol\u00e1kb\u00f3l, Ezer feny\u0151 a csepeli csal\u00e1doknak, \u00d6regdi\u00e1kok tal\u00e1lkoz\u00f3ja, Agenor &#8211; elk\u00f6telezett munka az \u00e1llatok\u00e9rt, Kasza Tibor interj\u00fa, Mikul\u00e1s Kupa: Aprajafalva a gy\u0151ztes, Meg\u00fajult az \u00f6ttus\u00e1z\u00f3k tornaterme, Egyed\u00fcl\u00e1ll\u00f3 szenior torna Csepelen, Komp\u00e1nia Tanoda: izgalmas d\u00e9lut\u00e1nok, rejtv\u00e9ny, ker\u00fcleti programok. K\u00f6vetkez\u0151 sz\u00e1munk 2019. janu\u00e1r 17-\u00e9n jelenik meg.<\/p>\n<a href=\"https:\/\/www.csepelivaroskep.hu\/hirmondo\/wp-content\/uploads\/sites\/7\/2018\/12\/CSH_186.pdf\" class=\"pdfemb-viewer\" style=\"\" data-width=\"max\" data-height=\"max\" data-mobile-width=\"0\"  data-scrollbar=\"none\" data-download=\"on\" data-tracking=\"on\" data-newwindow=\"on\" data-pagetextbox=\"off\" data-scrolltotop=\"off\" data-startzoom=\"100\" data-startfpzoom=\"100\" data-toolbar=\"both\" data-toolbar-fixed=\"on\">CSH_186<br\/><\/a>\n","protected":false},"excerpt":{"rendered":"<p>Megjelent a Csepeli H\u00edrmond\u00f3 idei utols\u00f3 sz\u00e1ma. Az \u00fajs\u00e1gban a ker\u00fcleti h\u00edrek, esem\u00e9nyek mellett egy 2019-es napt\u00e1r is tal\u00e1lhat\u00f3! A tartalomb\u00f3l: Megsz\u0171nik  a gar\u00e1zsad\u00f3 Csepelen,  Csepel \u00e9len j\u00e1r a fogyat\u00e9kkal \u00e9l\u0151k t\u00e1mogat\u00e1s\u00e1ban, Adventi gyertyagy\u00fajt\u00e1sok, \u00c9letment\u0151 rend\u0151r\u00f6k, H\u00edrek a csepeli iskol\u00e1kb\u00f3l,Ezer feny\u0151 a csepeli csal\u00e1doknak, \u00d6regdi\u00e1kok tal\u00e1lkoz\u00f3ja, Agenor-elk\u00f6telezett munka az \u00e1llatok\u00e9rt, Mikul\u00e1s Kupa: Aprajafalva a gy\u0151ztes, Meg\u00fajult az \u00f6ttus\u00e1z\u00f3k tornaterme, Egyed\u00fcl\u00e1ll\u00f3 szenior torna Csepelen, Komp\u00e1nia Tanoda: izgalmas d\u00e9lut\u00e1nok, rejtv\u00e9ny, ker\u00fcleti programok. K\u00f6vetkez\u0151 sz\u00e1munk 2019. janu\u00e1r 17-\u00e9n jelenik meg.<\/p>\n","protected":false},"author":8,"featured_media":1020,"comment_status":"open","ping_status":"open","sticky":false,"template":"","format":"standard","meta":[],"categories":[9,12],"tags":[121,123,124,129,130,133,125,122,128,132,134,126,120,127,131],"acf":[],"_links":{"self":[{"href":"https:\/\/www.csepelivaroskep.hu\/hirmondo\/wp-json\/wp\/v2\/posts\/1019"}],"collection":[{"href":"https:\/\/www.csepelivaroskep.hu\/hirmondo\/wp-json\/wp\/v2\/posts"}],"about":[{"href":"https:\/\/www.csepelivaroskep.hu\/hirmondo\/wp-json\/wp\/v2\/types\/post"}],"author":[{"embeddable":true,"href":"https:\/\/www.csepelivaroskep.hu\/hirmondo\/wp-json\/wp\/v2\/users\/8"}],"replies":[{"embeddable":true,"href":"https:\/\/www.csepelivaroskep.hu\/hirmondo\/wp-json\/wp\/v2\/comments?post=1019"}],"version-history":[{"count":1,"href":"https:\/\/www.csepelivaroskep.hu\/hirmondo\/wp-json\/wp\/v2\/posts\/1019\/revisions"}],"predecessor-version":[{"id":1021,"href":"https:\/\/www.csepelivaroskep.hu\/hirmondo\/wp-json\/wp\/v2\/posts\/1019\/revisions\/1021"}],"wp:featuredmedia":[{"embeddable":true,"href":"https:\/\/www.csepelivaroskep.hu\/hirmondo\/wp-json\/wp\/v2\/media\/1020"}],"wp:attachment":[{"href":"https:\/\/www.csepelivaroskep.hu\/hirmondo\/wp-json\/wp\/v2\/media?parent=1019"}],"wp:term":[{"taxonomy":"category","embeddable":true,"href":"https:\/\/www.csepelivaroskep.hu\/hirmondo\/wp-json\/wp\/v2\/categories?post=1019"},{"taxonomy":"post_tag","embeddable":true,"href":"https:\/\/www.csepelivaroskep.hu\/hirmondo\/wp-json\/wp\/v2\/tags?post=1019"}],"curies":[{"name":"wp","href":"https:\/\/api.w.org\/{rel}","templated":true}]}}