{"id":1098,"date":"2019-01-31T08:41:20","date_gmt":"2019-01-31T08:41:20","guid":{"rendered":"http:\/\/www.csepelivaroskep.hu\/hirmondo\/?p=1098"},"modified":"2019-01-31T08:42:46","modified_gmt":"2019-01-31T08:42:46","slug":"csepeli-hirmondo-x-2-szam","status":"publish","type":"post","link":"https:\/\/www.csepelivaroskep.hu\/hirmondo\/2019\/01\/31\/csepeli-hirmondo-x-2-szam\/","title":{"rendered":"Csepeli H\u00edrmond\u00f3 X\/2.sz\u00e1m"},"content":{"rendered":"<p>Megjelent a Csepeli H\u00edrmond\u00f3 legfrissebb sz\u00e1ma. A tartalomb\u00f3l: Lend\u00fcletben a f\u0151v\u00e1ros, Rong\u00e1l\u00e1sok a ker\u00fcletben, \u00dajra a csepeliek\u00e9 a G\u00f6rgey iskola \u00e9p\u00fclete, Brenner J\u00e1nos \u00e9lete, pap, fest\u0151,\u00edr\u00f3: Prokop P\u00e9terre eml\u00e9keztek, H\u00edrek a csepeli iskol\u00e1kb\u00f3l, Hatvan\u00e9ves a K\u00f6lcsey iskola, tehets\u00e9ggondoz\u00e1s a M\u00f3r\u00e1ban, Mi\u00e9rt fontos a pneumococcus elleni v\u00e9d\u0151olt\u00e1s?, M\u00e9g k\u00f6telez\u0151 a pap\u00edrrecept, Az Arany J\u00e1nos iskol\u00e1ban rajtolt a t\u00e9li solathlon. K\u00f6vetkez\u0151 sz\u00e1munk febru\u00e1r 14-\u00e9n jelenik meg.<\/p>\n<a href=\"https:\/\/www.csepelivaroskep.hu\/hirmondo\/wp-content\/uploads\/sites\/7\/2019\/01\/CSH_188.pdf\" class=\"pdfemb-viewer\" style=\"\" data-width=\"max\" data-height=\"max\" data-mobile-width=\"0\"  data-scrollbar=\"none\" data-download=\"on\" data-tracking=\"on\" data-newwindow=\"on\" data-pagetextbox=\"off\" data-scrolltotop=\"off\" data-startzoom=\"100\" data-startfpzoom=\"100\" data-toolbar=\"both\" data-toolbar-fixed=\"on\">CSH_188<br\/><\/a>\n","protected":false},"excerpt":{"rendered":"<p>Megjelent a Csepeli H\u00edrmond\u00f3 legfrissebb sz\u00e1ma. A tartalomb\u00f3l: Lend\u00fcletben a f\u0151v\u00e1ros, Rong\u00e1l\u00e1sok a ker\u00fcletben, \u00dajra a csepeliek\u00e9 a G\u00f6rgey iskola \u00e9p\u00fclete, Brenner J\u00e1nos \u00e9lete, pap, fest\u0151,\u00edr\u00f3: Prokop P\u00e9terre eml\u00e9keztek, H\u00edrek a csepeli iskol\u00e1kb\u00f3l, Hatvan\u00e9ves a K\u00f6lcsey iskola, tehets\u00e9ggondoz\u00e1s a M\u00f3r\u00e1ban, Mi\u00e9rt fontos a pneumococcus elleni v\u00e9d\u0151olt\u00e1s?, M\u00e9g k\u00f6telez\u0151 a pap\u00edrrecept, Az Arany J\u00e1nos iskol\u00e1ban rajtolt a t\u00e9li solathlon. K\u00f6vetkez\u0151 sz\u00e1munk febru\u00e1r 14-\u00e9n jelenik meg.<\/p>\n","protected":false},"author":8,"featured_media":1099,"comment_status":"open","ping_status":"open","sticky":false,"template":"","format":"standard","meta":[],"categories":[9,12],"tags":[163,135,13,158,161,157,162,160,159],"acf":[],"_links":{"self":[{"href":"https:\/\/www.csepelivaroskep.hu\/hirmondo\/wp-json\/wp\/v2\/posts\/1098"}],"collection":[{"href":"https:\/\/www.csepelivaroskep.hu\/hirmondo\/wp-json\/wp\/v2\/posts"}],"about":[{"href":"https:\/\/www.csepelivaroskep.hu\/hirmondo\/wp-json\/wp\/v2\/types\/post"}],"author":[{"embeddable":true,"href":"https:\/\/www.csepelivaroskep.hu\/hirmondo\/wp-json\/wp\/v2\/users\/8"}],"replies":[{"embeddable":true,"href":"https:\/\/www.csepelivaroskep.hu\/hirmondo\/wp-json\/wp\/v2\/comments?post=1098"}],"version-history":[{"count":3,"href":"https:\/\/www.csepelivaroskep.hu\/hirmondo\/wp-json\/wp\/v2\/posts\/1098\/revisions"}],"predecessor-version":[{"id":1102,"href":"https:\/\/www.csepelivaroskep.hu\/hirmondo\/wp-json\/wp\/v2\/posts\/1098\/revisions\/1102"}],"wp:featuredmedia":[{"embeddable":true,"href":"https:\/\/www.csepelivaroskep.hu\/hirmondo\/wp-json\/wp\/v2\/media\/1099"}],"wp:attachment":[{"href":"https:\/\/www.csepelivaroskep.hu\/hirmondo\/wp-json\/wp\/v2\/media?parent=1098"}],"wp:term":[{"taxonomy":"category","embeddable":true,"href":"https:\/\/www.csepelivaroskep.hu\/hirmondo\/wp-json\/wp\/v2\/categories?post=1098"},{"taxonomy":"post_tag","embeddable":true,"href":"https:\/\/www.csepelivaroskep.hu\/hirmondo\/wp-json\/wp\/v2\/tags?post=1098"}],"curies":[{"name":"wp","href":"https:\/\/api.w.org\/{rel}","templated":true}]}}