{"id":1167,"date":"2019-03-13T09:11:26","date_gmt":"2019-03-13T09:11:26","guid":{"rendered":"http:\/\/www.csepelivaroskep.hu\/hirmondo\/?p=1167"},"modified":"2019-05-08T09:43:34","modified_gmt":"2019-05-08T09:43:34","slug":"__trashed","status":"publish","type":"post","link":"https:\/\/www.csepelivaroskep.hu\/hirmondo\/2019\/03\/13\/__trashed\/","title":{"rendered":"Els\u0151seg\u00e9ly tanfolyam a csepeli \u00f3vod\u00e1knak"},"content":{"rendered":"\n<p>H\u00e1romnapos els\u0151seg\u00e9ly tanfolyam indult m\u00e1rcius 11-13. k\u00f6z\u00f6tt a csepeli tag\u00f3vod\u00e1k sz\u00e1m\u00e1ra. A r\u00e9sztvev\u0151k 20 f\u0151s kiscsoportokban saj\u00e1t\u00edthatj\u00e1k el az \u00fajra\u00e9leszt\u00e9s technik\u00e1it. A programnak a B\u00f3bita Tag\u00f3voda ad otthont. A kurzust az Orsz\u00e1gos Ment\u0151szolg\u00e1lat dolgoz\u00f3i Kiss Dezs\u0151 \u00e9s Major J\u00e1nos tartj\u00e1k. A szakemberek els\u0151sorban a mellkas kompresszi\u00f3 \u00e9s a f\u00e9lautomata defibrill\u00e1tor alkalmaz\u00e1s\u00e1val ismertetik meg a jelenl\u00e9v\u0151ket.<\/p>\n\n\n\n<p>Az els\u0151seg\u00e9lyny\u00fajt\u00f3\u00a0tanfolyamot a Csepeli Csodak\u00fat Egyes\u00edtett \u00d3voda vezet\u0151s\u00e9ge kezdem\u00e9nyezte az \u00f6nkorm\u00e1nyzat fel\u00e9 \u2013 t\u00e1j\u00e9koztatta lapunkat Hirholczn\u00e9 Farag\u00f3 T\u00fcnde int\u00e9zm\u00e9nyvezet\u0151. \u201eEbben a nevel\u00e9si \u00e9vben sajnos k\u00e9tszer is el\u0151fordult, hogy koll\u00e9g\u00e1nk rosszul lett, \u00e9let\u00fck a jelenl\u00e9v\u0151k hozz\u00e1\u00e9rt\u00e9s\u00e9n, l\u00e9lekjelenl\u00e9t\u00e9n m\u00falt. Ekkor mer\u00fclt fel a gondolat, hogy hasznos lenne egy olyan els\u0151seg\u00e9lyny\u00fajt\u00f3 k\u00e9pz\u00e9st szervezni, ahol bemutatj\u00e1k a gyermek \u00e9s feln\u0151tt \u00fajra\u00e9leszt\u00e9s alapjait, megismertetik a r\u00e9sztvev\u0151kkel a f\u00e9lautomata defibrill\u00e1tor alkalmaz\u00e1s\u00e1t. A legf\u0151bb c\u00e9l, hogy v\u00e9szhelyzetben seg\u00edts\u00e9get tudjunk ny\u00fajtani, k\u00e9sleltess\u00fck az esetleges \u00e1llapotroml\u00e1st, megel\u0151zz\u00fck a nagyobb bajt\u201d \u2013 hangs\u00falyozta Hirholczn\u00e9 Farag\u00f3 T\u00fcnde. A programban valamennyi csepeli tag\u00f3voda (120 f\u0151) k\u00e9pviselteti mag\u00e1t. A szervez\u0151k a pedag\u00f3gusok mellett a teljes alkalmazotti k\u00f6rt is bevont\u00e1k a kurzusba, mely h\u00e1rom napon \u00e1t egy d\u00e9lel\u0151tti \u00e9s egy d\u00e9lut\u00e1ni tanfolyammal v\u00e1rja a r\u00e9sztvev\u0151ket.<\/p>\n\n\n\n<p>Potondi Eszter<\/p>\n\n\n\n<p><\/p>\n\n\n\n<figure class=\"wp-block-image\"><img loading=\"lazy\" width=\"1024\" height=\"682\" src=\"http:\/\/www.csepelivaroskep.hu\/hirmondo\/wp-content\/uploads\/sites\/7\/2019\/03\/GMA_3899-1024x682.jpg\" alt=\"\" class=\"wp-image-1159\" srcset=\"https:\/\/www.csepelivaroskep.hu\/hirmondo\/wp-content\/uploads\/sites\/7\/2019\/03\/GMA_3899.jpg 1024w, https:\/\/www.csepelivaroskep.hu\/hirmondo\/wp-content\/uploads\/sites\/7\/2019\/03\/GMA_3899-300x200.jpg 300w, https:\/\/www.csepelivaroskep.hu\/hirmondo\/wp-content\/uploads\/sites\/7\/2019\/03\/GMA_3899-768x512.jpg 768w\" sizes=\"(max-width: 1024px) 100vw, 1024px\" \/><\/figure>\n","protected":false},"excerpt":{"rendered":"<p>H\u00e1romnapos els\u0151seg\u00e9ly tanfolyam indult m\u00e1rcius 11-13. k\u00f6z\u00f6tt a csepeli tag\u00f3vod\u00e1k sz\u00e1m\u00e1ra. A r\u00e9sztvev\u0151k 20 f\u0151s kiscsoportokban saj\u00e1t\u00edthatj\u00e1k el az \u00fajra\u00e9leszt\u00e9s technik\u00e1it. A programnak a B\u00f3bita Tag\u00f3voda ad otthont. A kurzust az Orsz\u00e1gos Ment\u0151szolg\u00e1lat dolgoz\u00f3i Kiss Dezs\u0151 \u00e9s Major J\u00e1nos tartj\u00e1k. A szakemberek els\u0151sorban a mellkas kompresszi\u00f3 \u00e9s a f\u00e9lautomata defibrill\u00e1tor alkalmaz\u00e1s\u00e1val ismertetik meg a jelenl\u00e9v\u0151ket. [&hellip;]<\/p>\n","protected":false},"author":8,"featured_media":1159,"comment_status":"open","ping_status":"open","sticky":false,"template":"","format":"standard","meta":[],"categories":[8],"tags":[205,203,206,204,182],"acf":[],"_links":{"self":[{"href":"https:\/\/www.csepelivaroskep.hu\/hirmondo\/wp-json\/wp\/v2\/posts\/1167"}],"collection":[{"href":"https:\/\/www.csepelivaroskep.hu\/hirmondo\/wp-json\/wp\/v2\/posts"}],"about":[{"href":"https:\/\/www.csepelivaroskep.hu\/hirmondo\/wp-json\/wp\/v2\/types\/post"}],"author":[{"embeddable":true,"href":"https:\/\/www.csepelivaroskep.hu\/hirmondo\/wp-json\/wp\/v2\/users\/8"}],"replies":[{"embeddable":true,"href":"https:\/\/www.csepelivaroskep.hu\/hirmondo\/wp-json\/wp\/v2\/comments?post=1167"}],"version-history":[{"count":2,"href":"https:\/\/www.csepelivaroskep.hu\/hirmondo\/wp-json\/wp\/v2\/posts\/1167\/revisions"}],"predecessor-version":[{"id":1275,"href":"https:\/\/www.csepelivaroskep.hu\/hirmondo\/wp-json\/wp\/v2\/posts\/1167\/revisions\/1275"}],"wp:featuredmedia":[{"embeddable":true,"href":"https:\/\/www.csepelivaroskep.hu\/hirmondo\/wp-json\/wp\/v2\/media\/1159"}],"wp:attachment":[{"href":"https:\/\/www.csepelivaroskep.hu\/hirmondo\/wp-json\/wp\/v2\/media?parent=1167"}],"wp:term":[{"taxonomy":"category","embeddable":true,"href":"https:\/\/www.csepelivaroskep.hu\/hirmondo\/wp-json\/wp\/v2\/categories?post=1167"},{"taxonomy":"post_tag","embeddable":true,"href":"https:\/\/www.csepelivaroskep.hu\/hirmondo\/wp-json\/wp\/v2\/tags?post=1167"}],"curies":[{"name":"wp","href":"https:\/\/api.w.org\/{rel}","templated":true}]}}