{"id":1209,"date":"2019-03-27T10:44:48","date_gmt":"2019-03-27T10:44:48","guid":{"rendered":"http:\/\/www.csepelivaroskep.hu\/hirmondo\/?p=1209"},"modified":"2019-03-27T10:44:48","modified_gmt":"2019-03-27T10:44:48","slug":"csepeli-hirmondo-x-6-szam","status":"publish","type":"post","link":"https:\/\/www.csepelivaroskep.hu\/hirmondo\/2019\/03\/27\/csepeli-hirmondo-x-6-szam\/","title":{"rendered":"Csepeli H\u00edrmond\u00f3 X.\/6.sz\u00e1m"},"content":{"rendered":"\n<p>Megjelent a Csepeli H\u00edrmond\u00f3 legfrissebb sz\u00e1ma. A tartalomb\u00f3l: Meg\u00fajul Csepel belv\u00e1rosa, Megkezd\u0151d\u00f6tt a Kir\u00e1lyerd\u0151 \u00fat \u00e9p\u00edt\u00e9se, Meg\u00fajulnak a csepeli iskol\u00e1k, K\u00f6z\u00f6sen tenni Csepel\u00e9rt, \u00c1thelyezik a Szent Imre t\u00e9ri buszp\u00e1lyaudvart, Bontj\u00e1k a G\u00f6rgey \u00e9p\u00fclet\u00e9t, Megeml\u00e9kez\u00e9s a forradalom \u00e9s szabads\u00e1gharc \u00e9vfordul\u00f3j\u00e1n, H\u00edrek a csepeli iskol\u00e1kb\u00f3l, Mezei fut\u00f3verseny, Sz\u00fclet\u00e9snapi t\u00e1rlat, rejtv\u00e9ny, ker\u00fcleti programok.<\/p>\n\n\n<a href=\"https:\/\/www.csepelivaroskep.hu\/hirmondo\/wp-content\/uploads\/sites\/7\/2019\/03\/CSH_192.pdf\" class=\"pdfemb-viewer\" style=\"\" data-width=\"max\" data-height=\"max\" data-mobile-width=\"0\"  data-scrollbar=\"none\" data-download=\"on\" data-tracking=\"on\" data-newwindow=\"on\" data-pagetextbox=\"off\" data-scrolltotop=\"off\" data-startzoom=\"100\" data-startfpzoom=\"100\" data-toolbar=\"both\" data-toolbar-fixed=\"on\">CSH_192<br\/><\/a>\n<p class=\"wp-block-pdfemb-pdf-embedder-viewer\"><\/p>\n","protected":false},"excerpt":{"rendered":"<p>Megjelent a Csepeli H\u00edrmond\u00f3 legfrissebb sz\u00e1ma. A tartalomb\u00f3l: Meg\u00fajul Csepel belv\u00e1rosa, Megkezd\u0151d\u00f6tt a Kir\u00e1lyerd\u0151 \u00fat \u00e9p\u00edt\u00e9se, Meg\u00fajulnak a csepeli iskol\u00e1k, K\u00f6z\u00f6sen tenni Csepel\u00e9rt, \u00c1thelyezik a Szent Imre t\u00e9ri buszp\u00e1lyaudvart, Bontj\u00e1k a G\u00f6rgey \u00e9p\u00fclet\u00e9t, Megeml\u00e9kez\u00e9s a forradalom \u00e9s szabads\u00e1gharc \u00e9vfordul\u00f3j\u00e1n, H\u00edrek a csepeli iskol\u00e1kb\u00f3l, Mezei fut\u00f3verseny, Sz\u00fclet\u00e9snapi t\u00e1rlat, rejtv\u00e9ny, ker\u00fcleti programok.<\/p>\n","protected":false},"author":8,"featured_media":1210,"comment_status":"open","ping_status":"open","sticky":false,"template":"","format":"standard","meta":[],"categories":[9,12],"tags":[],"acf":[],"_links":{"self":[{"href":"https:\/\/www.csepelivaroskep.hu\/hirmondo\/wp-json\/wp\/v2\/posts\/1209"}],"collection":[{"href":"https:\/\/www.csepelivaroskep.hu\/hirmondo\/wp-json\/wp\/v2\/posts"}],"about":[{"href":"https:\/\/www.csepelivaroskep.hu\/hirmondo\/wp-json\/wp\/v2\/types\/post"}],"author":[{"embeddable":true,"href":"https:\/\/www.csepelivaroskep.hu\/hirmondo\/wp-json\/wp\/v2\/users\/8"}],"replies":[{"embeddable":true,"href":"https:\/\/www.csepelivaroskep.hu\/hirmondo\/wp-json\/wp\/v2\/comments?post=1209"}],"version-history":[{"count":1,"href":"https:\/\/www.csepelivaroskep.hu\/hirmondo\/wp-json\/wp\/v2\/posts\/1209\/revisions"}],"predecessor-version":[{"id":1211,"href":"https:\/\/www.csepelivaroskep.hu\/hirmondo\/wp-json\/wp\/v2\/posts\/1209\/revisions\/1211"}],"wp:featuredmedia":[{"embeddable":true,"href":"https:\/\/www.csepelivaroskep.hu\/hirmondo\/wp-json\/wp\/v2\/media\/1210"}],"wp:attachment":[{"href":"https:\/\/www.csepelivaroskep.hu\/hirmondo\/wp-json\/wp\/v2\/media?parent=1209"}],"wp:term":[{"taxonomy":"category","embeddable":true,"href":"https:\/\/www.csepelivaroskep.hu\/hirmondo\/wp-json\/wp\/v2\/categories?post=1209"},{"taxonomy":"post_tag","embeddable":true,"href":"https:\/\/www.csepelivaroskep.hu\/hirmondo\/wp-json\/wp\/v2\/tags?post=1209"}],"curies":[{"name":"wp","href":"https:\/\/api.w.org\/{rel}","templated":true}]}}