{"id":1243,"date":"2019-04-17T10:20:38","date_gmt":"2019-04-17T10:20:38","guid":{"rendered":"http:\/\/www.csepelivaroskep.hu\/hirmondo\/?p=1243"},"modified":"2019-04-17T10:20:38","modified_gmt":"2019-04-17T10:20:38","slug":"harminc-eve-voltak-bajnokok-a-csepeli-ferfi-kosarasok","status":"publish","type":"post","link":"https:\/\/www.csepelivaroskep.hu\/hirmondo\/2019\/04\/17\/harminc-eve-voltak-bajnokok-a-csepeli-ferfi-kosarasok\/","title":{"rendered":"Harminc \u00e9ve voltak bajnokok a csepeli f\u00e9rfi kosarasok"},"content":{"rendered":"\n<p>Harminc \u00e9vvel ezel\u0151tt, 1989-ben lett arany\u00e9rmes a\nCsepel SC f\u00e9rfi kos\u00e1rlabda csapata az 57. hazai kos\u00e1rlabda bajnoks\u00e1g ki\u00edr\u00e1s\u00e1ban.\nA bajnoki c\u00edmet r\u00e1j\u00e1tsz\u00e1sban d\u00f6nt\u00f6tt\u00e9k el \u00fagy, hogy a Csepel az el\u0151d\u00f6nt\u0151ben\nel\u0151bb a K\u00f6rmendet, azt\u00e1n a Bp. Honv\u00e9det gy\u0151zte le. A d\u00f6nt\u0151ben az Oroszl\u00e1nyi\nB\u00e1ny\u00e1szt m\u00falta fel\u00fcl. Az arany\u00e9rem\u00e9rt nagy csat\u00e1t v\u00edvott a k\u00e9t csapat, v\u00e9g\u00fcl a\nharmadik m\u00e9rk\u0151z\u00e9sen d\u0151lt el az els\u0151 hely sorsa. A Csepel SC f\u00e9rfi kos\u00e1rlabda\ncsapat\u00e1nak ez volt a harmadik bajnoki arany\u00e9rme. A korabeli esem\u00e9nyeket dr.\nSikl\u00f3si Ferenc, a csepeli sportiskola orvosa id\u00e9zte fel, aki 1978-t\u00f3l 1996-ig\ndolgozott a Csepel SC alkalmaz\u00e1s\u00e1ban. A Csepel d\u00edszpolg\u00e1ra c\u00edmmel kit\u00fcntetett\norvos a f\u00e9rfi \u00e9s a n\u0151i kos\u00e1rlabda csapatok, r\u00f6vid ideig pedig a f\u00e9rfi\nr\u00f6plabd\u00e1sok m\u00e9rk\u0151z\u00e9sein volt csapatorvos. <\/p>\n\n\n\n<p>Az el\u0151zm\u00e9nyekr\u0151l \u00e9rdemes megeml\u00edteni, hogy a Csepel\nSC f\u00e9rfi kos\u00e1rlabda csapata j\u00f3 id\u00e9nyt z\u00e1rt a 75-76-os bajnoks\u00e1gban. Akkor t\u00f6bb\nj\u00e1t\u00e9kos szerepelt a v\u00e1logatottban, de k\u00e9s\u0151bb n\u00e9h\u00e1nyan t\u00e1voztak a klubt\u00f3l.\nN\u00e9meth L\u00e1szl\u00f3 1978-ban ker\u00fclt a Csepelhez edz\u0151k\u00e9nt, \u00e9s \u00faj csapatot hozott\nl\u00e9tre. N\u00e9gy \u00e9vig dolgozott a klubn\u00e1l, majd \u00e9rkezett Halmos Istv\u00e1n, aki a\nnyolcvanas \u00e9vek elej\u00e9n megteremtette a majdani bajnokcsapat siker\u00e9nek alapjait.\nEdz\u0151k\u00e9nt \u0151t k\u00f6vette Liptai Istv\u00e1n, aki bajnokot faragott a csapatb\u00f3l. Kiv\u00e1l\u00f3\nvolt j\u00e1t\u00e9kosk\u00e9nt \u00e9s edz\u0151k\u00e9nt, kor\u00e1bban a v\u00e1logatottban is sz\u00e1mtalanszor szerepelt.\nNagy tiszteletnek \u00f6rvendett a csapatn\u00e1l, Csepel d\u00edszpolg\u00e1r\u00e1v\u00e1 is v\u00e1lasztott\u00e1k. A\nmost 84 \u00e9ves mester Csepelen \u00e9rte el legnagyobb sikereit. <\/p>\n\n\n\n<p>A 88-89-es bajnoks\u00e1gban t\u00edz csapat versengett az\nels\u0151 hely\u00e9rt. A csepeli kosarasok a legnagyobb meccseket a K\u00f6rmenddel, Baj\u00e1val,\nBp. Honv\u00e9ddel v\u00edvt\u00e1k telt h\u00e1z el\u0151tt. A d\u00f6nt\u0151ben az Oroszl\u00e1nyi B\u00e1ny\u00e1szt m\u00falt\u00e1k\nfel\u00fcl \u00fagy, hogy az utols\u00f3 percekig ny\u00edlt volt a m\u00e9rk\u0151z\u00e9s. Jaroslav Skala, a\nCsepelben j\u00e1tsz\u00f3 egyetlen k\u00fclf\u00f6ldi (csehszlov\u00e1k) j\u00e1t\u00e9kos a lef\u00faj\u00e1s el\u0151tti\nm\u00e1sodpercekben dobott egy h\u00e1rom pontot \u00e9r\u0151 kosarat, amivel eld\u0151lt a m\u00e9rk\u0151z\u00e9s. A\ncsepeliekn\u00e9l olyan kiv\u00e1l\u00f3s\u00e1gok szerepeltek, mint a csapatkapit\u00e1ny Sz\u00e9kely\nL\u00e1szl\u00f3, valamint Somogyi L\u00e1szl\u00f3, Cuhorka Csaba, Pl\u00f6tzl Gy\u00f6rgy, Kov\u00e1cs Zolt\u00e1n,\nKircs\u00e1k Zolt\u00e1n \u00e9s Jaroslav Skala, k\u00f6z\u00fcl\u00fck t\u00f6bben v\u00e1logatottak voltak.\nBajnokk\u00e9nt a nemzetk\u00f6zi mez\u0151nyben is megm\u00e9rett\u00e9k magukat, de a BEK-ben a\nfinnekt\u0151l kikaptak, \u00edgy kiestek a kup\u00e1b\u00f3l. A csapatb\u00f3l k\u00e9s\u0151bb n\u00e9h\u00e1nyan\nabbahagyt\u00e1k az \u00e9lsportot, p\u00e1ran pedig m\u00e1s klubhoz igazoltak. Ebben nagyban\nk\u00f6zrej\u00e1tszott, hogy a fenntart\u00f3 Csepel M\u0171vek sorsa megpecs\u00e9tel\u0151d\u00f6tt, a csapat\nfinansz\u00edroz\u00e1sa k\u00e9ts\u00e9gess\u00e9 v\u00e1lt. <\/p>\n\n\n\n<p>Abban az id\u0151ben nem j\u00e1rt kimagasl\u00f3 p\u00e9nzjuttat\u00e1s a\nkosaras \u00e9lsportol\u00f3knak. Kedvezm\u00e9nynek sz\u00e1m\u00edtott, hogy n\u00e9h\u00e1nyan lak\u00e1st kaptak,\ngyakran utaztak k\u00fclf\u00f6ldre m\u00e9rk\u0151z\u00e9sekre, \u00e9s egy\u00e1ltal\u00e1n \u00f6r\u00f6m\u00fcket lelt\u00e9k a\nsportol\u00e1sban. A bajnokcsapat tagjai rendszeresen \u00f6sszej\u00e1rnak bar\u00e1ti tal\u00e1lkoz\u00f3kon.\n<\/p>\n\n\n\n<p>Cs. A. <\/p>\n\n\n\n<figure class=\"wp-block-image\"><img loading=\"lazy\" width=\"640\" height=\"400\" src=\"http:\/\/www.csepelivaroskep.hu\/hirmondo\/wp-content\/uploads\/sites\/7\/2019\/04\/Bajnokokcsapata.jpg\" alt=\"\" class=\"wp-image-1244\" srcset=\"https:\/\/www.csepelivaroskep.hu\/hirmondo\/wp-content\/uploads\/sites\/7\/2019\/04\/Bajnokokcsapata.jpg 640w, https:\/\/www.csepelivaroskep.hu\/hirmondo\/wp-content\/uploads\/sites\/7\/2019\/04\/Bajnokokcsapata-300x188.jpg 300w\" sizes=\"(max-width: 640px) 100vw, 640px\" \/><\/figure>\n","protected":false},"excerpt":{"rendered":"<p>Harminc \u00e9vvel ezel\u0151tt, 1989-ben lett arany\u00e9rmes a Csepel SC f\u00e9rfi kos\u00e1rlabda csapata az 57. hazai kos\u00e1rlabda bajnoks\u00e1g ki\u00edr\u00e1s\u00e1ban. A bajnoki c\u00edmet r\u00e1j\u00e1tsz\u00e1sban d\u00f6nt\u00f6tt\u00e9k el \u00fagy, hogy a Csepel az el\u0151d\u00f6nt\u0151ben el\u0151bb a K\u00f6rmendet, azt\u00e1n a Bp. Honv\u00e9det gy\u0151zte le. A d\u00f6nt\u0151ben az Oroszl\u00e1nyi B\u00e1ny\u00e1szt m\u00falta fel\u00fcl. Az arany\u00e9rem\u00e9rt nagy csat\u00e1t v\u00edvott a k\u00e9t csapat, v\u00e9g\u00fcl [&hellip;]<\/p>\n","protected":false},"author":8,"featured_media":1244,"comment_status":"open","ping_status":"open","sticky":false,"template":"","format":"standard","meta":[],"categories":[7],"tags":[],"acf":[],"_links":{"self":[{"href":"https:\/\/www.csepelivaroskep.hu\/hirmondo\/wp-json\/wp\/v2\/posts\/1243"}],"collection":[{"href":"https:\/\/www.csepelivaroskep.hu\/hirmondo\/wp-json\/wp\/v2\/posts"}],"about":[{"href":"https:\/\/www.csepelivaroskep.hu\/hirmondo\/wp-json\/wp\/v2\/types\/post"}],"author":[{"embeddable":true,"href":"https:\/\/www.csepelivaroskep.hu\/hirmondo\/wp-json\/wp\/v2\/users\/8"}],"replies":[{"embeddable":true,"href":"https:\/\/www.csepelivaroskep.hu\/hirmondo\/wp-json\/wp\/v2\/comments?post=1243"}],"version-history":[{"count":1,"href":"https:\/\/www.csepelivaroskep.hu\/hirmondo\/wp-json\/wp\/v2\/posts\/1243\/revisions"}],"predecessor-version":[{"id":1245,"href":"https:\/\/www.csepelivaroskep.hu\/hirmondo\/wp-json\/wp\/v2\/posts\/1243\/revisions\/1245"}],"wp:featuredmedia":[{"embeddable":true,"href":"https:\/\/www.csepelivaroskep.hu\/hirmondo\/wp-json\/wp\/v2\/media\/1244"}],"wp:attachment":[{"href":"https:\/\/www.csepelivaroskep.hu\/hirmondo\/wp-json\/wp\/v2\/media?parent=1243"}],"wp:term":[{"taxonomy":"category","embeddable":true,"href":"https:\/\/www.csepelivaroskep.hu\/hirmondo\/wp-json\/wp\/v2\/categories?post=1243"},{"taxonomy":"post_tag","embeddable":true,"href":"https:\/\/www.csepelivaroskep.hu\/hirmondo\/wp-json\/wp\/v2\/tags?post=1243"}],"curies":[{"name":"wp","href":"https:\/\/api.w.org\/{rel}","templated":true}]}}