{"id":1249,"date":"2019-04-25T08:18:14","date_gmt":"2019-04-25T08:18:14","guid":{"rendered":"http:\/\/www.csepelivaroskep.hu\/hirmondo\/?p=1249"},"modified":"2019-04-25T12:02:00","modified_gmt":"2019-04-25T12:02:00","slug":"csepeli-hirmondo-x-8-szam","status":"publish","type":"post","link":"https:\/\/www.csepelivaroskep.hu\/hirmondo\/2019\/04\/25\/csepeli-hirmondo-x-8-szam\/","title":{"rendered":"Csepeli H\u00edrmond\u00f3 X.\/8.sz\u00e1m"},"content":{"rendered":"\n<p>Megjelent a Csepeli H\u00edrmond\u00f3 legfrissebb sz\u00e1ma. A tartalomb\u00f3l: Megny\u00edlt a Csal\u00e1dok Parkja, Zajlanak az \u00fat\u00e9p\u00edt\u00e9sek a ker\u00fcletben, H\u00edrek a csepeli iskol\u00e1kb\u00f3l, Szaval\u00f3verseny a Radn\u00f3tiban,Ingyenes bel\u00e9p\u0151 s\u00f3ter\u00e1pi\u00e1ra nyugd\u00edjasoknak,Barka Emese arany\u00e9rmes, Elhunyt Krammer Andr\u00e1s diak\u00f3nus, H\u00fasv\u00e9ti akci\u00f3 r\u00e1szorul\u00f3knak \u00e9s nyugd\u00edjasoknak, rejtv\u00e9ny, ker\u00fcleti programok. Legk\u00f6zelebbi sz\u00e1munk m\u00e1jus 8-\u00e1n jelenik meg.<\/p>\n\n\n<a href=\"https:\/\/www.csepelivaroskep.hu\/hirmondo\/wp-content\/uploads\/sites\/7\/2019\/04\/CSH_194-1-1.pdf\" class=\"pdfemb-viewer\" style=\"\" data-width=\"max\" data-height=\"max\" data-mobile-width=\"0\"  data-scrollbar=\"none\" data-download=\"on\" data-tracking=\"on\" data-newwindow=\"on\" data-pagetextbox=\"off\" data-scrolltotop=\"off\" data-startzoom=\"100\" data-startfpzoom=\"100\" data-toolbar=\"both\" data-toolbar-fixed=\"on\">CSH_194-1-1<br\/><\/a>\n<p class=\"wp-block-pdfemb-pdf-embedder-viewer\"><\/p>\n\n\n\n<p><\/p>\n\n\n\n<figure class=\"wp-block-image\"><img alt=\"\" \/><\/figure>\n","protected":false},"excerpt":{"rendered":"<p>Megjelent a Csepeli H\u00edrmond\u00f3 legfrissebb sz\u00e1ma. A tartalomb\u00f3l: Megny\u00edlt a Csal\u00e1dok Parkja, Zajlanak az \u00fat\u00e9p\u00edt\u00e9sek a ker\u00fcletben, H\u00edrek a csepeli iskol\u00e1kb\u00f3l, Szaval\u00f3verseny a Radn\u00f3tiban,Ingyenes bel\u00e9p\u0151 s\u00f3ter\u00e1pi\u00e1ra nyugd\u00edjasoknak,Barka Emese arany\u00e9rmes, Elhunyt Krammer Andr\u00e1s diak\u00f3nus, H\u00fasv\u00e9ti akci\u00f3 r\u00e1szorul\u00f3knak \u00e9s nyugd\u00edjasoknak, rejtv\u00e9ny, ker\u00fcleti programok. Legk\u00f6zelebbi sz\u00e1munk m\u00e1jus 8-\u00e1n jelenik meg.<\/p>\n","protected":false},"author":8,"featured_media":1257,"comment_status":"open","ping_status":"open","sticky":false,"template":"","format":"standard","meta":[],"categories":[9,12],"tags":[],"acf":[],"_links":{"self":[{"href":"https:\/\/www.csepelivaroskep.hu\/hirmondo\/wp-json\/wp\/v2\/posts\/1249"}],"collection":[{"href":"https:\/\/www.csepelivaroskep.hu\/hirmondo\/wp-json\/wp\/v2\/posts"}],"about":[{"href":"https:\/\/www.csepelivaroskep.hu\/hirmondo\/wp-json\/wp\/v2\/types\/post"}],"author":[{"embeddable":true,"href":"https:\/\/www.csepelivaroskep.hu\/hirmondo\/wp-json\/wp\/v2\/users\/8"}],"replies":[{"embeddable":true,"href":"https:\/\/www.csepelivaroskep.hu\/hirmondo\/wp-json\/wp\/v2\/comments?post=1249"}],"version-history":[{"count":4,"href":"https:\/\/www.csepelivaroskep.hu\/hirmondo\/wp-json\/wp\/v2\/posts\/1249\/revisions"}],"predecessor-version":[{"id":1254,"href":"https:\/\/www.csepelivaroskep.hu\/hirmondo\/wp-json\/wp\/v2\/posts\/1249\/revisions\/1254"}],"wp:featuredmedia":[{"embeddable":true,"href":"https:\/\/www.csepelivaroskep.hu\/hirmondo\/wp-json\/wp\/v2\/media\/1257"}],"wp:attachment":[{"href":"https:\/\/www.csepelivaroskep.hu\/hirmondo\/wp-json\/wp\/v2\/media?parent=1249"}],"wp:term":[{"taxonomy":"category","embeddable":true,"href":"https:\/\/www.csepelivaroskep.hu\/hirmondo\/wp-json\/wp\/v2\/categories?post=1249"},{"taxonomy":"post_tag","embeddable":true,"href":"https:\/\/www.csepelivaroskep.hu\/hirmondo\/wp-json\/wp\/v2\/tags?post=1249"}],"curies":[{"name":"wp","href":"https:\/\/api.w.org\/{rel}","templated":true}]}}