{"id":1260,"date":"2019-05-08T09:05:56","date_gmt":"2019-05-08T09:05:56","guid":{"rendered":"http:\/\/www.csepelivaroskep.hu\/hirmondo\/?p=1260"},"modified":"2019-05-08T09:05:56","modified_gmt":"2019-05-08T09:05:56","slug":"csepeli-hirmondo-x-9-szam","status":"publish","type":"post","link":"https:\/\/www.csepelivaroskep.hu\/hirmondo\/2019\/05\/08\/csepeli-hirmondo-x-9-szam\/","title":{"rendered":"Csepeli H\u00edrmond\u00f3 X.\/9. sz\u00e1m"},"content":{"rendered":"\n<p>Megjelent a Csepeli H\u00edrmond\u00f3 leg\u00fajabb sz\u00e1ma. A tartalomb\u00f3l: \u00dcl\u00e9seztek a k\u00e9pvisel\u0151k: tov\u00e1bb cs\u00f6kkent a b\u0171ncselekm\u00e9nyek sz\u00e1ma Csepelen, Nem a Kozmosz s\u00e9t\u00e1nyon lesz a pihen\u0151park, Seg\u00edts\u00e9g a tervez\u00e9shez, R\u00e1k\u00f3czi Kert: a ker\u00fclet legn\u00e9pszer\u0171bb k\u00f6z\u00f6ss\u00e9gi sz\u00edntere lett, K\u00f6z\u00f6s fa\u00fcltet\u00e9s, H\u00edrek a csepeli iskol\u00e1kb\u00f3l, Ballag\u00e1s, \u00e9retts\u00e9gi, Csal\u00e1di haj\u00f3kir\u00e1ndul\u00e1s: j\u00f3kedv, zene, mulats\u00e1g, Retr\u00f3 maj\u00e1lis a Daru-dombon, rejtv\u00e9ny, ker\u00fcleti programok.<\/p>\n\n\n<a href=\"https:\/\/www.csepelivaroskep.hu\/hirmondo\/wp-content\/uploads\/sites\/7\/2019\/05\/CSH_195.pdf\" class=\"pdfemb-viewer\" style=\"\" data-width=\"max\" data-height=\"max\" data-mobile-width=\"0\"  data-scrollbar=\"none\" data-download=\"on\" data-tracking=\"on\" data-newwindow=\"on\" data-pagetextbox=\"off\" data-scrolltotop=\"off\" data-startzoom=\"100\" data-startfpzoom=\"100\" data-toolbar=\"both\" data-toolbar-fixed=\"on\">CSH_195<br\/><\/a>\n<p class=\"wp-block-pdfemb-pdf-embedder-viewer\"><\/p>\n","protected":false},"excerpt":{"rendered":"<p>Megjelent a Csepeli H\u00edrmond\u00f3 leg\u00fajabb sz\u00e1ma. A tartalomb\u00f3l: \u00dcl\u00e9seztek a k\u00e9pvisel\u0151k: tov\u00e1bb cs\u00f6kkent a b\u0171ncselekm\u00e9nyek sz\u00e1ma Csepelen, Nem a Kozmosz s\u00e9t\u00e1nyon lesz a pihen\u0151park, Seg\u00edts\u00e9g a tervez\u00e9shez, R\u00e1k\u00f3czi Kert: a ker\u00fclet legn\u00e9pszer\u0171bb k\u00f6z\u00f6ss\u00e9gi sz\u00edntere lett, K\u00f6z\u00f6s fa\u00fcltet\u00e9s, H\u00edrek a csepeli iskol\u00e1kb\u00f3l, Ballag\u00e1s, \u00e9retts\u00e9gi, Csal\u00e1di haj\u00f3kir\u00e1ndul\u00e1s: j\u00f3kedv, zene, mulats\u00e1g, Retr\u00f3 maj\u00e1lis a Daru-dombon, rejtv\u00e9ny, ker\u00fcleti programok.<\/p>\n","protected":false},"author":8,"featured_media":1261,"comment_status":"open","ping_status":"open","sticky":false,"template":"","format":"standard","meta":[],"categories":[9,12],"tags":[175,177,176,105,178,174,179],"acf":[],"_links":{"self":[{"href":"https:\/\/www.csepelivaroskep.hu\/hirmondo\/wp-json\/wp\/v2\/posts\/1260"}],"collection":[{"href":"https:\/\/www.csepelivaroskep.hu\/hirmondo\/wp-json\/wp\/v2\/posts"}],"about":[{"href":"https:\/\/www.csepelivaroskep.hu\/hirmondo\/wp-json\/wp\/v2\/types\/post"}],"author":[{"embeddable":true,"href":"https:\/\/www.csepelivaroskep.hu\/hirmondo\/wp-json\/wp\/v2\/users\/8"}],"replies":[{"embeddable":true,"href":"https:\/\/www.csepelivaroskep.hu\/hirmondo\/wp-json\/wp\/v2\/comments?post=1260"}],"version-history":[{"count":1,"href":"https:\/\/www.csepelivaroskep.hu\/hirmondo\/wp-json\/wp\/v2\/posts\/1260\/revisions"}],"predecessor-version":[{"id":1262,"href":"https:\/\/www.csepelivaroskep.hu\/hirmondo\/wp-json\/wp\/v2\/posts\/1260\/revisions\/1262"}],"wp:featuredmedia":[{"embeddable":true,"href":"https:\/\/www.csepelivaroskep.hu\/hirmondo\/wp-json\/wp\/v2\/media\/1261"}],"wp:attachment":[{"href":"https:\/\/www.csepelivaroskep.hu\/hirmondo\/wp-json\/wp\/v2\/media?parent=1260"}],"wp:term":[{"taxonomy":"category","embeddable":true,"href":"https:\/\/www.csepelivaroskep.hu\/hirmondo\/wp-json\/wp\/v2\/categories?post=1260"},{"taxonomy":"post_tag","embeddable":true,"href":"https:\/\/www.csepelivaroskep.hu\/hirmondo\/wp-json\/wp\/v2\/tags?post=1260"}],"curies":[{"name":"wp","href":"https:\/\/api.w.org\/{rel}","templated":true}]}}