{"id":1290,"date":"2019-05-16T09:08:13","date_gmt":"2019-05-16T09:08:13","guid":{"rendered":"http:\/\/www.csepelivaroskep.hu\/hirmondo\/?p=1290"},"modified":"2019-05-16T09:29:03","modified_gmt":"2019-05-16T09:29:03","slug":"kosarlabda-bajnokbol-matematika-tanar-szekely-laszlo","status":"publish","type":"post","link":"https:\/\/www.csepelivaroskep.hu\/hirmondo\/2019\/05\/16\/kosarlabda-bajnokbol-matematika-tanar-szekely-laszlo\/","title":{"rendered":"Kos\u00e1rlabda bajnokb\u00f3l matematika tan\u00e1r: Sz\u00e9kely L\u00e1szl\u00f3"},"content":{"rendered":"\n<p>Harminc \u00e9vvel ezel\u0151tt j\u00e1tszotta a Csepel f\u00e9rfi\nkos\u00e1rlabda csapata a bajnoks\u00e1g d\u00f6nt\u0151j\u00e9t az Oroszl\u00e1nnyal, amelyet h\u00e1rom\ngy\u0151zelemig v\u00edvtak. Az utols\u00f3 csat\u00e1t a csepeli sportcsarnokban rendezt\u00e9k meg olyan\nsok n\u00e9z\u0151 el\u0151tt, mint el\u0151tte m\u00e9g sohasem. \u00c1ll\u00edt\u00f3lag k\u00e9tezer-\u00f6tsz\u00e1zan szurkolt\u00e1k v\u00e9gig\naz \u00f6sszecsap\u00e1st a helysz\u00ednen. Bajnok lett a Csepel, amelynek a csapatkapit\u00e1nya\na 127-szeres v\u00e1logatott j\u00e1t\u00e9kos, Sz\u00e9kely L\u00e1szl\u00f3 volt. A kiv\u00e1l\u00f3 sportol\u00f3 visszavonul\u00e1sa\nut\u00e1n a szigetszentmikl\u00f3si Batty\u00e1ny K\u00e1zm\u00e9r Gimn\u00e1zium megbecs\u00fclt matematika\ntan\u00e1ra imm\u00e1r huszonhat \u00e9ve. Vele besz\u00e9lgett\u00fcnk. &nbsp;<\/p>\n\n\n\n<p><\/p>\n\n\n\n<p><em>Hogyan eml\u00e9kszik vissza a kosaras \u00e9veire \u00e9s a bajnoki c\u00edmre?<\/em><\/p>\n\n\n\n<p>Gyerekk\u00e9nt Csillagtelepen laktam, \u00e9s a h\u00e1zban mindenki kosarazott. A Tej\u00fat utcai \u00e1ltal\u00e1nos iskol\u00e1ba j\u00e1rtam \u2013 ma M\u00f3ra Ferencnek h\u00edvj\u00e1k az int\u00e9zm\u00e9nyt &#8211;, ahol Szab\u00f3 K\u00e1lm\u00e1n testnevel\u0151 tan\u00e1r k\u00fcl\u00f6n\u00f3r\u00e1in mindig kosaraztunk. Megszerettem a sport\u00e1gat, \u00fagyhogy h\u00e9t-nyolc \u00e9ves koromban m\u00e1r a Csepel edz\u00e9seire j\u00e1rtam. Tizenhat \u00e9vesen ker\u00fcltem be a feln\u0151tt csapatba, \u00e9s harminc\u00f6t esztend\u0151sen fejeztem be az \u00e9lsportot. Ut\u00e1na k\u00e9t \u00e9vig m\u00e9g a Budafokban j\u00e1tszottam. A Csepel csapata nagyon meger\u0151s\u00f6d\u00f6tt a nyolcvanas \u00e9vek v\u00e9g\u00e9re. Liptai Istv\u00e1n \u2013 Cs\u00fazli b\u00e1csi \u2013 volt az edz\u0151nk, aki bajnokot faragott bel\u0151l\u00fcnk. Nagy tiszteletnek \u00f6rvendett a csapatn\u00e1l, hallgattunk a szav\u00e1ra. Tudta, mi a csapat er\u0151ss\u00e9ge, \u00e9s hagyott benn\u00fcnket j\u00e1tszani. A 88-89-es id\u00e9nyben \u00e9rt\u00fcnk a cs\u00facsra. A legnagyobb ellenfeleink az Oroszl\u00e1ny, K\u00f6rmend, Honv\u00e9d, Zalaegerszeg voltak. Az arany\u00e9rmet r\u00e1j\u00e1tsz\u00e1sban szerezt\u00fck meg. A d\u00f6nt\u0151ben n\u00e9gy m\u00e9rk\u0151z\u00e9st v\u00edvtunk az Oroszl\u00e1nnyal: v\u00e9g\u00fcl a negyediken d\u0151lt el a csata, mert h\u00e1rom gy\u0151ztes meccsig j\u00e1tszottunk. Nagy volt akkor az \u00f6r\u00f6m Csepelen. A Csepel SC f\u00e9rfi kos\u00e1rlabda csapat\u00e1nak ez volt a harmadik bajnoki arany\u00e9rme fenn\u00e1ll\u00e1sa \u00f3ta, de az\u00f3ta nem lett bajnok.<\/p>\n\n\n\n<p><em>Hogyan szerepelt a v\u00e1logatottban? <\/em><\/p>\n\n\n\n<p>Voltak id\u0151szakok, amikor Csepelr\u0151l \u00f6ten-hatan is v\u00e1logatottak voltunk. \u00c9n 1979 \u00e9s 1988 k\u00f6z\u00f6tt j\u00e1tszottam a nemzeti csapatban. A legjobb eredm\u00e9nyeinket a nyolcvanas \u00e9vekben \u00e9rt\u00fck el: egyszer majdnem beker\u00fclt\u00fcnk az Eur\u00f3pa-bajnoks\u00e1g d\u00f6nt\u0151j\u00e9be, 1984-ben pedig Moszkv\u00e1ban egy komoly nemzetk\u00f6zi viadalon lett\u00fcnk hatodikak. A v\u00e1logatottnak is kiv\u00e1l\u00f3 edz\u0151je volt, R\u00e1nki M\u00e1ty\u00e1s. &nbsp;&nbsp;<\/p>\n\n\n\n<p><em>Mi lett az egykori csepeli csapatt\u00e1rsakkal?<\/em><\/p>\n\n\n\n<p>J\u00f3 bar\u00e1tok voltunk akkor is \u00e9s most is, a mai napig rendszeresen \u00f6sszej\u00e1runk. M\u00e1r kevesen laknak Csepelen, de \u00e1ltal\u00e1ban Csepelen szoktunk tal\u00e1lkozni. Megbesz\u00e9lj\u00fck, kivel mi t\u00f6rt\u00e9nt. A bajnoki c\u00edm megnyer\u00e9se ut\u00e1n n\u00e9h\u00e1ny j\u00e1t\u00e9kos t\u00e1vozott a klubt\u00f3l, Liptai Istv\u00e1n edz\u0151 visszavonult. A vid\u00e9ki csapatok meger\u0151s\u00f6dtek, a Csepel SC sorsa pedig a Csepel M\u0171vek megsz\u0171n\u00e9se ut\u00e1n t\u00e1mogat\u00e1s h\u00edj\u00e1n k\u00e9ts\u00e9gess\u00e9 v\u00e1lt. Abban az id\u0151ben nem j\u00e1rt kimagasl\u00f3 p\u00e9nzjuttat\u00e1s a kosaras \u00e9lsportol\u00f3knak. A Csepel M\u0171vek alkalmaz\u00e1s\u00e1ban \u00e1lltunk, ami azt jelentette, hogy napi k\u00e9t edz\u00e9s\u00fcnk volt, h\u00e9tv\u00e9g\u00e9n pedig a m\u00e9rk\u0151z\u00e9sek. Annyit kerest\u00fcnk, mint egy \u00e1tlag munk\u00e1s. El\u0151ny volt, hogy gyakran utaztunk k\u00fclf\u00f6ldre. <\/p>\n\n\n\n<p><em>Hogyan lett k\u00f6z\u00e9piskolai tan\u00e1r?<\/em><\/p>\n\n\n\n<p>Ap\u00e1m tan\u00edt\u00f3k\u00e9pz\u0151be j\u00e1rt, de nem siker\u00fclt elv\u00e9geznie, mert a II. vil\u00e1gh\u00e1bor\u00faban beh\u00edvt\u00e1k katon\u00e1nak. Ut\u00e1na fogs\u00e1gban volt h\u00e1rom \u00e9vig a Szovjetuni\u00f3ban. Nagy v\u00e1gya volt, hogy legal\u00e1bb \u00e9n egyetemi diplom\u00e1t szerezzek. Felvettek az ELTE Term\u00e9szettudom\u00e1nyi Kar\u00e1nak matematika szak\u00e1ra, \u00edgy lettem k\u00f6z\u00e9piskolai tan\u00e1r. Ap\u00e1m nagyon boldog volt ett\u0151l. A Batty\u00e1ny K\u00e1zm\u00e9r Gimn\u00e1ziumban 1993 \u00f3ta tan\u00edtok. A k\u00f6rny\u00e9k legjobb tanul\u00f3i j\u00e1rnak ide, a t\u00faljelentkez\u00e9s h\u00e1romszoros-n\u00e9gyszeres. Az orsz\u00e1g harminc legjobb gimn\u00e1ziuma k\u00f6z\u00e9 tartozik. A gyerekek nagy r\u00e9sze k\u00e9t nyelvvizsg\u00e1val fejezi be az iskol\u00e1t, a fels\u0151fok\u00fa tanint\u00e9zetekbe a felv\u00e9teli ar\u00e1ny pedig 90 sz\u00e1zal\u00e9k k\u00f6r\u00fcli. &nbsp;<\/p>\n\n\n\n<p>Cs. A. <\/p>\n\n\n\n<figure class=\"wp-block-image\"><img loading=\"lazy\" width=\"1024\" height=\"682\" src=\"http:\/\/www.csepelivaroskep.hu\/hirmondo\/wp-content\/uploads\/sites\/7\/2019\/05\/GMA_2820-1024x682.jpg\" alt=\"\" class=\"wp-image-1291\" srcset=\"https:\/\/www.csepelivaroskep.hu\/hirmondo\/wp-content\/uploads\/sites\/7\/2019\/05\/GMA_2820.jpg 1024w, https:\/\/www.csepelivaroskep.hu\/hirmondo\/wp-content\/uploads\/sites\/7\/2019\/05\/GMA_2820-300x200.jpg 300w, https:\/\/www.csepelivaroskep.hu\/hirmondo\/wp-content\/uploads\/sites\/7\/2019\/05\/GMA_2820-768x512.jpg 768w\" sizes=\"(max-width: 1024px) 100vw, 1024px\" \/><\/figure>\n","protected":false},"excerpt":{"rendered":"<p>Harminc \u00e9vvel ezel\u0151tt j\u00e1tszotta a Csepel f\u00e9rfi kos\u00e1rlabda csapata a bajnoks\u00e1g d\u00f6nt\u0151j\u00e9t az Oroszl\u00e1nnyal, amelyet h\u00e1rom gy\u0151zelemig v\u00edvtak. Az utols\u00f3 csat\u00e1t a csepeli sportcsarnokban rendezt\u00e9k meg olyan sok n\u00e9z\u0151 el\u0151tt, mint el\u0151tte m\u00e9g sohasem. \u00c1ll\u00edt\u00f3lag k\u00e9tezer-\u00f6tsz\u00e1zan szurkolt\u00e1k v\u00e9gig az \u00f6sszecsap\u00e1st a helysz\u00ednen. Bajnok lett a Csepel, amelynek a csapatkapit\u00e1nya a 127-szeres v\u00e1logatott j\u00e1t\u00e9kos, Sz\u00e9kely L\u00e1szl\u00f3 [&hellip;]<\/p>\n","protected":false},"author":8,"featured_media":0,"comment_status":"open","ping_status":"open","sticky":false,"template":"","format":"standard","meta":[],"categories":[7],"tags":[209,13,207,210,208],"acf":[],"_links":{"self":[{"href":"https:\/\/www.csepelivaroskep.hu\/hirmondo\/wp-json\/wp\/v2\/posts\/1290"}],"collection":[{"href":"https:\/\/www.csepelivaroskep.hu\/hirmondo\/wp-json\/wp\/v2\/posts"}],"about":[{"href":"https:\/\/www.csepelivaroskep.hu\/hirmondo\/wp-json\/wp\/v2\/types\/post"}],"author":[{"embeddable":true,"href":"https:\/\/www.csepelivaroskep.hu\/hirmondo\/wp-json\/wp\/v2\/users\/8"}],"replies":[{"embeddable":true,"href":"https:\/\/www.csepelivaroskep.hu\/hirmondo\/wp-json\/wp\/v2\/comments?post=1290"}],"version-history":[{"count":9,"href":"https:\/\/www.csepelivaroskep.hu\/hirmondo\/wp-json\/wp\/v2\/posts\/1290\/revisions"}],"predecessor-version":[{"id":1302,"href":"https:\/\/www.csepelivaroskep.hu\/hirmondo\/wp-json\/wp\/v2\/posts\/1290\/revisions\/1302"}],"wp:attachment":[{"href":"https:\/\/www.csepelivaroskep.hu\/hirmondo\/wp-json\/wp\/v2\/media?parent=1290"}],"wp:term":[{"taxonomy":"category","embeddable":true,"href":"https:\/\/www.csepelivaroskep.hu\/hirmondo\/wp-json\/wp\/v2\/categories?post=1290"},{"taxonomy":"post_tag","embeddable":true,"href":"https:\/\/www.csepelivaroskep.hu\/hirmondo\/wp-json\/wp\/v2\/tags?post=1290"}],"curies":[{"name":"wp","href":"https:\/\/api.w.org\/{rel}","templated":true}]}}