{"id":1310,"date":"2019-05-22T09:35:45","date_gmt":"2019-05-22T09:35:45","guid":{"rendered":"http:\/\/www.csepelivaroskep.hu\/hirmondo\/?p=1310"},"modified":"2019-05-22T09:35:45","modified_gmt":"2019-05-22T09:35:45","slug":"csepeli-hirmondo-x-10-szam","status":"publish","type":"post","link":"https:\/\/www.csepelivaroskep.hu\/hirmondo\/2019\/05\/22\/csepeli-hirmondo-x-10-szam\/","title":{"rendered":"Csepeli H\u00edrmond\u00f3 X.\/10.sz\u00e1m"},"content":{"rendered":"\n<p>Megjelent a Csepeli H\u00edrmond\u00f3 legfrissebb sz\u00e1ma. A tartalomb\u00f3l: Fa\u00fcltet\u00e9s a s\u00e9t\u00e1nyon, Bontj\u00e1k az egykori iskola \u00e9p\u00fclet\u00e9t, Negyven\u00f6t \u00e9ves a R\u00e1k\u00f3czi Nyugd\u00edjasklub, Kit\u0171n\u0151 hangulat a nyugd\u00edjas haj\u00f3kir\u00e1ndul\u00e1son, \u00cdgy szavazhat Csepelen, H\u00edrek a csepeli iskol\u00e1kb\u00f3l, Negyven\u00e9ves a Sz\u00e9chenyi iskola, Vir\u00e1goszt\u00e1s id\u00e9n is, Bimb\u00f3bontogat\u00f3 tehets\u00e9gm\u0171hely, \u00dcnnepeltek a f\u00e9rfi kosaras bajnokok, L\u00e9zerharc bajnoks\u00e1g a Daru-dombon, rejtv\u00e9ny, ker\u00fcleti programok. Legk\u00f6zelebbi sz\u00e1munkat m\u00e1jus 29-\u00e9n keresse postal\u00e1d\u00e1j\u00e1ban! <\/p>\n\n\n<a href=\"https:\/\/www.csepelivaroskep.hu\/hirmondo\/wp-content\/uploads\/sites\/7\/2019\/05\/CSH_196.pdf\" class=\"pdfemb-viewer\" style=\"\" data-width=\"max\" data-height=\"max\" data-mobile-width=\"0\"  data-scrollbar=\"none\" data-download=\"on\" data-tracking=\"on\" data-newwindow=\"on\" data-pagetextbox=\"off\" data-scrolltotop=\"off\" data-startzoom=\"100\" data-startfpzoom=\"100\" data-toolbar=\"both\" data-toolbar-fixed=\"on\">CSH_196<br\/><\/a>\n<p class=\"wp-block-pdfemb-pdf-embedder-viewer\"><\/p>\n","protected":false},"excerpt":{"rendered":"<p>Megjelent a Csepeli H\u00edrmond\u00f3 legfrissebb sz\u00e1ma. A tartalomb\u00f3l: Fa\u00fcltet\u00e9s a s\u00e9t\u00e1nyon, Bontj\u00e1k az egykori iskola \u00e9p\u00fclet\u00e9t, Negyven\u00f6t \u00e9ves a R\u00e1k\u00f3czi Nyugd\u00edjasklub, Kit\u0171n\u0151 hangulat a nyugd\u00edjas haj\u00f3kir\u00e1ndul\u00e1son, \u00cdgy szavazhat Csepelen, H\u00edrek a csepeli iskol\u00e1kb\u00f3l, Negyven\u00e9ves a Sz\u00e9chenyi iskola, Vir\u00e1goszt\u00e1s id\u00e9n is, Bimb\u00f3bontogat\u00f3 tehets\u00e9gm\u0171hely, \u00dcnnepeltek a f\u00e9rfi kosaras bajnokok, L\u00e9zerharc bajnoks\u00e1g a Daru-dombon, rejtv\u00e9ny, ker\u00fcleti programok. Legk\u00f6zelebbi [&hellip;]<\/p>\n","protected":false},"author":8,"featured_media":1311,"comment_status":"open","ping_status":"open","sticky":false,"template":"","format":"standard","meta":[],"categories":[9,12],"tags":[212,213,215,214],"acf":[],"_links":{"self":[{"href":"https:\/\/www.csepelivaroskep.hu\/hirmondo\/wp-json\/wp\/v2\/posts\/1310"}],"collection":[{"href":"https:\/\/www.csepelivaroskep.hu\/hirmondo\/wp-json\/wp\/v2\/posts"}],"about":[{"href":"https:\/\/www.csepelivaroskep.hu\/hirmondo\/wp-json\/wp\/v2\/types\/post"}],"author":[{"embeddable":true,"href":"https:\/\/www.csepelivaroskep.hu\/hirmondo\/wp-json\/wp\/v2\/users\/8"}],"replies":[{"embeddable":true,"href":"https:\/\/www.csepelivaroskep.hu\/hirmondo\/wp-json\/wp\/v2\/comments?post=1310"}],"version-history":[{"count":1,"href":"https:\/\/www.csepelivaroskep.hu\/hirmondo\/wp-json\/wp\/v2\/posts\/1310\/revisions"}],"predecessor-version":[{"id":1312,"href":"https:\/\/www.csepelivaroskep.hu\/hirmondo\/wp-json\/wp\/v2\/posts\/1310\/revisions\/1312"}],"wp:featuredmedia":[{"embeddable":true,"href":"https:\/\/www.csepelivaroskep.hu\/hirmondo\/wp-json\/wp\/v2\/media\/1311"}],"wp:attachment":[{"href":"https:\/\/www.csepelivaroskep.hu\/hirmondo\/wp-json\/wp\/v2\/media?parent=1310"}],"wp:term":[{"taxonomy":"category","embeddable":true,"href":"https:\/\/www.csepelivaroskep.hu\/hirmondo\/wp-json\/wp\/v2\/categories?post=1310"},{"taxonomy":"post_tag","embeddable":true,"href":"https:\/\/www.csepelivaroskep.hu\/hirmondo\/wp-json\/wp\/v2\/tags?post=1310"}],"curies":[{"name":"wp","href":"https:\/\/api.w.org\/{rel}","templated":true}]}}