{"id":1357,"date":"2019-06-14T08:31:53","date_gmt":"2019-06-14T08:31:53","guid":{"rendered":"http:\/\/www.csepelivaroskep.hu\/hirmondo\/?p=1357"},"modified":"2019-06-14T08:34:27","modified_gmt":"2019-06-14T08:34:27","slug":"buzek-laszlo-a-csepeli-roplabdas-sportlegenda","status":"publish","type":"post","link":"https:\/\/www.csepelivaroskep.hu\/hirmondo\/2019\/06\/14\/buzek-laszlo-a-csepeli-roplabdas-sportlegenda\/","title":{"rendered":"Buzek L\u00e1szl\u00f3, a csepeli r\u00f6plabd\u00e1s sportlegenda"},"content":{"rendered":"\n<p><\/p>\n\n\n\n<p>Csepel egyik legh\u00edresebb sportol\u00f3j\u00e1nak, a most 73 \u00e9ves Buzek L\u00e1szl\u00f3 r\u00f6plabd\u00e1z\u00f3nak meseszer\u0171en indult a p\u00e1lyafut\u00e1sa: 17 \u00e9ves kor\u00e1ban m\u00e1r a feln\u0151tt csapatban j\u00e1tszott, hamarosan v\u00e1logatott lett, sokak szerint pedig a valaha \u00e9lt legjobb magyar f\u00e9rfi r\u00f6plabd\u00e1s. 1962 \u00e9s 1982 k\u00f6z\u00f6tt j\u00e1tszott a Csepelben, amellyel t\u00edzszer lett bajnok, tizenegyszer pedig a Magyar Kup\u00e1t is elnyerte. A Kupagy\u0151ztesek Eur\u00f3pa Kup\u00e1j\u00e1ban m\u00e1sodik hely 1973-ban. A v\u00e1logatottal az Eur\u00f3pa-bajnoks\u00e1g negyedik helyezettje lett 1977-ben. Gyerekkora \u00f3ta Csepelen, a B\u00e9ke t\u00e9ren lakik. A k\u00f6z\u00e9pkor\u00faak \u00e9s id\u0151sebbek felismerik az utc\u00e1n. A hatalmas termet\u0171 j\u00e1t\u00e9kos j\u00f3kedv\u0171, de kicsit lomha a j\u00e1r\u00e1sa.<\/p>\n\n\n\n<p>Hogy van az eg\u00e9szs\u00e9ge?<\/p>\n\n\n\n<p>Cs\u00edp\u0151prot\u00e9zist kaptam 2015-ben, t\u00e9rdprot\u00e9zist pedig 2016-ban. Ez a versenyszer\u0171 r\u00f6plabd\u00e1z\u00e1s \u00e1tka\u2026 M\u00e1s korombeli r\u00f6plabd\u00e1s is \u00edgy j\u00e1rt. A m\u0171t\u00e9tem el\u0151tt nem tudtam ker\u00e9kp\u00e1rra sz\u00e1llni, \u00e9s a s\u00e9ta is nehezemre esett. Egy j\u00f3 orvos vett kezel\u00e9sbe, s m\u00e1r eg\u00e9szen rendben vagyok. P\u00e1r \u00e9vvel ezel\u0151tt n\u00e9gyszer is \u00e1t\u00fasztam a Balatont a hagyom\u00e1nyos versenyen, utolj\u00e1ra 2015-ben. A Csepeli strandra is j\u00e1rtam \u00faszni. Mostan\u00e1ban rendszeresen ker\u00e9kp\u00e1rozok: naponta Bud\u00e1ra kerekezek egy bar\u00e1tomhoz, akinek beseg\u00edtek a munk\u00e1ban: k\u00fcl\u00f6nf\u00e9le sz\u00f3r\u00f3lapokat f\u00e9nym\u00e1solunk. Azt\u00e1n a t\u00f6k\u00f6li parkerd\u0151be j\u00e1rok h\u00e9tv\u00e9genk\u00e9nt, ami oda-vissza 35-40 kilom\u00e9ter. A sport az \u00e9letem r\u00e9sze maradt. \u00a0<\/p>\n\n\n\n<p>A t\u00e9v\u00e9ben is k\u00f6veti az esem\u00e9nyeket?<\/p>\n\n\n\n<p>Hogyne! Minden sportk\u00f6zvet\u00edt\u00e9st megn\u00e9zek. Legut\u00f3bb a n\u0151i \u00e9s f\u00e9rfi k\u00e9zilabd\u00e1sok Bajnokok Lig\u00e1ja d\u00f6nt\u0151j\u00e9t figyeltem, de k\u00e1r, hogy a hazai csapatokban kev\u00e9s a magyar j\u00e1t\u00e9kos. A f\u00e9rfi r\u00f6plabd\u00e1sok gyeng\u00e9lkednek, a n\u0151k jobbak. Szerencs\u00e9re sok az ut\u00e1np\u00f3tl\u00e1skor\u00fa, \u0151k m\u00e9g t\u00f6bbre vihetik.\u00a0 <\/p>\n\n\n\n<p>Ugye, az EB negyedik hely volt a legjobb magyar r\u00f6plabd\u00e1s eredm\u00e9ny utolj\u00e1ra? <\/p>\n\n\n\n<p>Igen, de akkor azt mondt\u00e1k: hogyhogy csak negyedikek lett\u00fcnk? A mostaniak a legjobb tizenkett\u0151 k\u00f6z\u00f6tt sincsenek. Akkoriban nagyon er\u0151sek voltak az oroszok, lengyelek, rom\u00e1nok, csehek, keletn\u00e9metek. <\/p>\n\n\n\n<p>Hogyan siker\u00fclt sokszoros magyar bajnoknak lenni?<\/p>\n\n\n\n<p>A csepeli sportp\u00e1ly\u00e1n n\u0151ttem fel, ismertem mindenkit. Gyerekk\u00e9nt labdaszed\u0151 voltam a focimeccseken K\u00f3czi\u00e1n Antal\u00e9k idej\u00e9ben. Eleinte magam is fociztam \u2013 kapus voltam &#8211;, azt\u00e1n a r\u00f6plabd\u00e1n\u00e1l k\u00f6t\u00f6ttem ki, mert ahhoz volt nagyobb tehets\u00e9gem. Hetente kilenc edz\u00e9sem volt, ebbe a v\u00e1logatottal val\u00f3 k\u00e9sz\u00fcl\u00e9s is belesz\u00e1m\u00edt. Kem\u00e9ny csat\u00e1kat v\u00edvtunk a D\u00f3zs\u00e1val, Honv\u00e9ddel. De a Csepel volt a legjobb csapat! Igazi bar\u00e1ti t\u00e1ras\u00e1got alkottunk: seg\u00edtett\u00fcnk egym\u00e1snak, \u00e9s semmi f\u00e9lt\u00e9kenys\u00e9get nem \u00e9rezt\u00fcnk m\u00e1sokkal szemben. \u00a0\u00a0<\/p>\n\n\n\n<p>De Buzek L\u00e1szl\u00f3t ismert\u00e9k el a legjobbnak\u2026<\/p>\n\n\n\n<p>Ez \u00fagy t\u00f6rt\u00e9nt, hogy ha bajban voltunk, a t\u00e1rsak \u00e1ltal\u00e1ban nekem adt\u00e1k fel a labd\u00e1t, mert \u00e9n voltam az els\u0151 \u00fct\u0151, \u00e9s tudt\u00e1k, hogy kem\u00e9nyeket \u00fct\u00f6k. Persze, ha j\u00f3l ment a csapatnak, akkor megoszlott a j\u00e1t\u00e9kosok k\u00f6z\u00f6tt a felel\u0151ss\u00e9g. Kiv\u00e1l\u00f3 j\u00e1t\u00e9kosaink voltak. Polics\u00e1nyi Pisti, T\u00f3th Tibi \u00e9s a t\u00f6bbiek\u2026 <\/p>\n\n\n\n<p>Milyen gyakran tal\u00e1lkoznak? \u00a0<\/p>\n\n\n\n<p>Rendszeresen \u00f6sszej\u00e1runk. Van egy csepeli t\u00e1rsas\u00e1g, amelyik \u00e9vente n\u00e9gy-\u00f6t alkalommal tal\u00e1lkozik Csepelen. Egy m\u00e1sik csapathoz egykori v\u00e1logatottak, m\u00e1s klubok j\u00e1t\u00e9kosai, j\u00e1t\u00e9kvezet\u0151k tartoznak. Egy harmadik csoportot D\u00e1vid L\u00e1szl\u00f3 kor\u00e1bbi csepeli \u00e9s honv\u00e9des r\u00f6plabd\u00e1s szervezi. <\/p>\n\n\n\n<p>Szokott m\u00e9g elj\u00e1rni a csepeli sportp\u00e1ly\u00e1ra? \u00a0\u00a0\u00a0\u00a0\u00a0<\/p>\n\n\n\n<p>Manaps\u00e1g nem, mert nagyon siralmas \u00e1llapotban van. Sajn\u00e1lom, hogy a klub \u00edgy n\u00e9z ki, hiszen kor\u00e1bban \u00e9l\u00e9nk \u00e9s magas szint\u0171 sport\u00e9let folyt itt. Nem \u00e9rtem, hogyan s\u00fcllyedt le id\u00e1ig a klub. Eml\u00e9kszem, a mi id\u0151nkben, amikor Brezsnyev szovjet p\u00e1rtf\u0151titk\u00e1r Csepelre j\u00f6tt, \u00e9s a sportp\u00e1ly\u00e1n kik\u00f6t\u00f6tt, azt el\u0151tte egy vagy m\u00e1sf\u00e9l h\u00f3nappal bez\u00e1rt\u00e1k, \u00e9s mindent fel\u00faj\u00edtottak, \u00e1tfestettek, minden a hely\u00e9re ker\u00fclt, vir\u00e1gok ragyogtak a k\u00f6rny\u00e9ken. De K\u00e1d\u00e1r J\u00e1nos is t\u00f6bbsz\u00f6r megfordult a sportp\u00e1ly\u00e1n, amikor munk\u00e1sgy\u0171l\u00e9seket h\u00edvtak \u00f6ssze. Mi ennek nagyon \u00f6r\u00fclt\u00fcnk, mert a bez\u00e1r\u00e1s ut\u00e1n mindig egy vadonat\u00faj csarnokot \u00e9s p\u00e1ly\u00e1kat kaptunk vissza. <\/p>\n\n\n\n<p>Cs. A. &nbsp;&nbsp;<\/p>\n\n\n\n<figure class=\"wp-block-image\"><img loading=\"lazy\" width=\"1024\" height=\"682\" src=\"http:\/\/www.csepelivaroskep.hu\/hirmondo\/wp-content\/uploads\/sites\/7\/2019\/06\/GMA_0689-1024x682.jpg\" alt=\"\" class=\"wp-image-1358\" srcset=\"https:\/\/www.csepelivaroskep.hu\/hirmondo\/wp-content\/uploads\/sites\/7\/2019\/06\/GMA_0689.jpg 1024w, https:\/\/www.csepelivaroskep.hu\/hirmondo\/wp-content\/uploads\/sites\/7\/2019\/06\/GMA_0689-300x200.jpg 300w, https:\/\/www.csepelivaroskep.hu\/hirmondo\/wp-content\/uploads\/sites\/7\/2019\/06\/GMA_0689-768x512.jpg 768w\" sizes=\"(max-width: 1024px) 100vw, 1024px\" \/><\/figure>\n","protected":false},"excerpt":{"rendered":"<p>Csepel egyik legh\u00edresebb sportol\u00f3j\u00e1nak, a most 73 \u00e9ves Buzek L\u00e1szl\u00f3 r\u00f6plabd\u00e1z\u00f3nak meseszer\u0171en indult a p\u00e1lyafut\u00e1sa: 17 \u00e9ves kor\u00e1ban m\u00e1r a feln\u0151tt csapatban j\u00e1tszott, hamarosan v\u00e1logatott lett, sokak szerint pedig a valaha \u00e9lt legjobb magyar f\u00e9rfi r\u00f6plabd\u00e1s. 1962 \u00e9s 1982 k\u00f6z\u00f6tt j\u00e1tszott a Csepelben, amellyel t\u00edzszer lett bajnok, tizenegyszer pedig a Magyar Kup\u00e1t is elnyerte. A [&hellip;]<\/p>\n","protected":false},"author":8,"featured_media":1358,"comment_status":"open","ping_status":"open","sticky":false,"template":"","format":"standard","meta":[],"categories":[7],"tags":[],"acf":[],"_links":{"self":[{"href":"https:\/\/www.csepelivaroskep.hu\/hirmondo\/wp-json\/wp\/v2\/posts\/1357"}],"collection":[{"href":"https:\/\/www.csepelivaroskep.hu\/hirmondo\/wp-json\/wp\/v2\/posts"}],"about":[{"href":"https:\/\/www.csepelivaroskep.hu\/hirmondo\/wp-json\/wp\/v2\/types\/post"}],"author":[{"embeddable":true,"href":"https:\/\/www.csepelivaroskep.hu\/hirmondo\/wp-json\/wp\/v2\/users\/8"}],"replies":[{"embeddable":true,"href":"https:\/\/www.csepelivaroskep.hu\/hirmondo\/wp-json\/wp\/v2\/comments?post=1357"}],"version-history":[{"count":2,"href":"https:\/\/www.csepelivaroskep.hu\/hirmondo\/wp-json\/wp\/v2\/posts\/1357\/revisions"}],"predecessor-version":[{"id":1360,"href":"https:\/\/www.csepelivaroskep.hu\/hirmondo\/wp-json\/wp\/v2\/posts\/1357\/revisions\/1360"}],"wp:featuredmedia":[{"embeddable":true,"href":"https:\/\/www.csepelivaroskep.hu\/hirmondo\/wp-json\/wp\/v2\/media\/1358"}],"wp:attachment":[{"href":"https:\/\/www.csepelivaroskep.hu\/hirmondo\/wp-json\/wp\/v2\/media?parent=1357"}],"wp:term":[{"taxonomy":"category","embeddable":true,"href":"https:\/\/www.csepelivaroskep.hu\/hirmondo\/wp-json\/wp\/v2\/categories?post=1357"},{"taxonomy":"post_tag","embeddable":true,"href":"https:\/\/www.csepelivaroskep.hu\/hirmondo\/wp-json\/wp\/v2\/tags?post=1357"}],"curies":[{"name":"wp","href":"https:\/\/api.w.org\/{rel}","templated":true}]}}