{"id":1364,"date":"2019-06-19T09:13:34","date_gmt":"2019-06-19T09:13:34","guid":{"rendered":"http:\/\/www.csepelivaroskep.hu\/hirmondo\/?p=1364"},"modified":"2019-06-19T09:13:34","modified_gmt":"2019-06-19T09:13:34","slug":"csepeli-hirmondo-x-14-szam","status":"publish","type":"post","link":"https:\/\/www.csepelivaroskep.hu\/hirmondo\/2019\/06\/19\/csepeli-hirmondo-x-14-szam\/","title":{"rendered":"Csepeli H\u00edrmond\u00f3 X.\/14.sz\u00e1m"},"content":{"rendered":"\n<p>Megjelent a Csepeli H\u00edrmond\u00f3 leg\u00fajabb sz\u00e1ma. A tartalomb\u00f3l: \u00daj parkot avattak a Sz\u00e9chenyi iskola mellett, Elkezd\u0151d\u00f6tt a Popieluszko utca fel\u00faj\u00edt\u00e1sa, Mi t\u00f6rt\u00e9nt a csepeli strandon?,V\u00e9get \u00e9rt a tan\u00e9v, elballagtak a di\u00e1kok, H\u00edrek a csepeli iskol\u00e1kb\u00f3l, Buzek L\u00e1sz\u00f3 a csepeli r\u00f6plabd\u00e1s sportlegenda, T\u0171zugr\u00e1s a Szent Imre t\u00e9ren, Ap\u00e1k: fontos szerep\u00fck van a csal\u00e1dban, Egykori csepeli \u00e9p\u00fcletek nyom\u00e1ban, N\u00e9m\u00e1nak tette mag\u00e1t, hogy megmenek\u00fclj\u00f6n-interj\u00fa Farkas J\u00f3zseffel, Bring\u00e1zz a munk\u00e1ba, Fajtatiszta vagy kever\u00e9k &#8211; teny\u00e9sz\u0151 vagy szapor\u00edt\u00f3?, Az Agenor az E\u00f6tv\u00f6s Iskol\u00e1ban j\u00e1rt, rejtv\u00e9ny, ker\u00fcleti programok. A lap legk\u00f6zelebb egy h\u00e9t m\u00falva, j\u00fanius 26-\u00e1n jelenik meg.<\/p>\n\n\n<a href=\"https:\/\/www.csepelivaroskep.hu\/hirmondo\/wp-content\/uploads\/sites\/7\/2019\/06\/CSH_200.pdf\" class=\"pdfemb-viewer\" style=\"\" data-width=\"max\" data-height=\"max\" data-mobile-width=\"0\"  data-scrollbar=\"none\" data-download=\"on\" data-tracking=\"on\" data-newwindow=\"on\" data-pagetextbox=\"off\" data-scrolltotop=\"off\" data-startzoom=\"100\" data-startfpzoom=\"100\" data-toolbar=\"both\" data-toolbar-fixed=\"on\">CSH_200<br\/><\/a>\n<p class=\"wp-block-pdfemb-pdf-embedder-viewer\"><\/p>\n","protected":false},"excerpt":{"rendered":"<p>Megjelent a Csepeli H\u00edrmond\u00f3 leg\u00fajabb sz\u00e1ma. A tartalomb\u00f3l: \u00daj parkot avattak a Sz\u00e9chenyi iskola mellett, Elkezd\u0151d\u00f6tt a Popieluszko utca fel\u00faj\u00edt\u00e1sa, Mi t\u00f6rt\u00e9nt a csepeli strandon?,V\u00e9get \u00e9rt a tan\u00e9v, elballagtak a di\u00e1kok, H\u00edrek a csepeli iskol\u00e1kb\u00f3l, Buzek L\u00e1sz\u00f3 a csepeli r\u00f6plabd\u00e1s sportlegenda, T\u0171zugr\u00e1s a Szent Imre t\u00e9ren, Ap\u00e1k: fontos szerep\u00fck van a csal\u00e1dban, Egykori csepeli \u00e9p\u00fcletek [&hellip;]<\/p>\n","protected":false},"author":8,"featured_media":1363,"comment_status":"open","ping_status":"open","sticky":false,"template":"","format":"standard","meta":[],"categories":[9,12],"tags":[106,233,228,235,231,230,232,229,234],"acf":[],"_links":{"self":[{"href":"https:\/\/www.csepelivaroskep.hu\/hirmondo\/wp-json\/wp\/v2\/posts\/1364"}],"collection":[{"href":"https:\/\/www.csepelivaroskep.hu\/hirmondo\/wp-json\/wp\/v2\/posts"}],"about":[{"href":"https:\/\/www.csepelivaroskep.hu\/hirmondo\/wp-json\/wp\/v2\/types\/post"}],"author":[{"embeddable":true,"href":"https:\/\/www.csepelivaroskep.hu\/hirmondo\/wp-json\/wp\/v2\/users\/8"}],"replies":[{"embeddable":true,"href":"https:\/\/www.csepelivaroskep.hu\/hirmondo\/wp-json\/wp\/v2\/comments?post=1364"}],"version-history":[{"count":1,"href":"https:\/\/www.csepelivaroskep.hu\/hirmondo\/wp-json\/wp\/v2\/posts\/1364\/revisions"}],"predecessor-version":[{"id":1365,"href":"https:\/\/www.csepelivaroskep.hu\/hirmondo\/wp-json\/wp\/v2\/posts\/1364\/revisions\/1365"}],"wp:featuredmedia":[{"embeddable":true,"href":"https:\/\/www.csepelivaroskep.hu\/hirmondo\/wp-json\/wp\/v2\/media\/1363"}],"wp:attachment":[{"href":"https:\/\/www.csepelivaroskep.hu\/hirmondo\/wp-json\/wp\/v2\/media?parent=1364"}],"wp:term":[{"taxonomy":"category","embeddable":true,"href":"https:\/\/www.csepelivaroskep.hu\/hirmondo\/wp-json\/wp\/v2\/categories?post=1364"},{"taxonomy":"post_tag","embeddable":true,"href":"https:\/\/www.csepelivaroskep.hu\/hirmondo\/wp-json\/wp\/v2\/tags?post=1364"}],"curies":[{"name":"wp","href":"https:\/\/api.w.org\/{rel}","templated":true}]}}