{"id":1370,"date":"2019-06-26T07:12:41","date_gmt":"2019-06-26T07:12:41","guid":{"rendered":"http:\/\/www.csepelivaroskep.hu\/hirmondo\/?p=1370"},"modified":"2019-06-26T07:12:41","modified_gmt":"2019-06-26T07:12:41","slug":"csepeli-hirmondo-x-15-szam","status":"publish","type":"post","link":"https:\/\/www.csepelivaroskep.hu\/hirmondo\/2019\/06\/26\/csepeli-hirmondo-x-15-szam\/","title":{"rendered":"Csepeli H\u00edrmond\u00f3 X.\/15.sz\u00e1m"},"content":{"rendered":"\n<p> Megjelent a Csepeli H\u00edrmond\u00f3 leg\u00fajabb sz\u00e1ma. A tartalomb\u00f3l: K\u00f6z\u00f6sen Csepel\u00e9rt! 3. csepeli konzult\u00e1ci\u00f3, Meg\u00fajulnak az iskol\u00e1k, Csal\u00e1di programok a M\u00fazeumok \u00c9jszak\u00e1j\u00e1n, H\u00edrek a csepeli iskol\u00e1kb\u00f3l, Eml\u00e9kek, t\u00f6rt\u00e9netek v\u00e1rjuk \u00edr\u00e1saikat, \u00daj log\u00f3, k\u00e9sz\u00fcl\u0151 jubileumi programok, Miniszteri elismer\u0151 oklev\u00e9l, V\u00e9get \u00e9rt a IV. Sz\u00e9kely-Magyar Ut\u00e1np\u00f3tl\u00e1s Torna, Az UV-sug\u00e1rz\u00e1s szembetegs\u00e9geket is okozhat, ker\u00fcleti programok, rejtv\u00e9ny. K\u00f6vetkez\u0151 sz\u00e1munk j\u00falius 3-\u00e1n jelenik meg. <\/p>\n\n\n<a href=\"https:\/\/www.csepelivaroskep.hu\/hirmondo\/wp-content\/uploads\/sites\/7\/2019\/06\/CSH_201.pdf\" class=\"pdfemb-viewer\" style=\"\" data-width=\"max\" data-height=\"max\" data-mobile-width=\"0\"  data-scrollbar=\"none\" data-download=\"on\" data-tracking=\"on\" data-newwindow=\"on\" data-pagetextbox=\"off\" data-scrolltotop=\"off\" data-startzoom=\"100\" data-startfpzoom=\"100\" data-toolbar=\"both\" data-toolbar-fixed=\"on\">CSH_201<br\/><\/a>\n<p class=\"wp-block-pdfemb-pdf-embedder-viewer\"><\/p>\n","protected":false},"excerpt":{"rendered":"<p>Megjelent a Csepeli H\u00edrmond\u00f3 leg\u00fajabb sz\u00e1ma. A tartalomb\u00f3l: K\u00f6z\u00f6sen Csepel\u00e9rt! 3. csepeli konzult\u00e1ci\u00f3, Meg\u00fajulnak az iskol\u00e1k, Csal\u00e1di programok a M\u00fazeumok \u00c9jszak\u00e1j\u00e1n, H\u00edrek a csepeli iskol\u00e1kb\u00f3l, Eml\u00e9kek, t\u00f6rt\u00e9netek v\u00e1rjuk \u00edr\u00e1saikat, \u00daj log\u00f3, k\u00e9sz\u00fcl\u0151 jubileumi programok, Miniszteri elismer\u0151 oklev\u00e9l, V\u00e9get \u00e9rt a IV. Sz\u00e9kely-Magyar Ut\u00e1np\u00f3tl\u00e1s Torna, Az UV-sug\u00e1rz\u00e1s szembetegs\u00e9geket is okozhat, ker\u00fcleti programok, rejtv\u00e9ny. K\u00f6vetkez\u0151 sz\u00e1munk j\u00falius [&hellip;]<\/p>\n","protected":false},"author":8,"featured_media":1367,"comment_status":"open","ping_status":"open","sticky":false,"template":"","format":"standard","meta":[],"categories":[9,12],"tags":[236,240,237,238,241,239,242],"acf":[],"_links":{"self":[{"href":"https:\/\/www.csepelivaroskep.hu\/hirmondo\/wp-json\/wp\/v2\/posts\/1370"}],"collection":[{"href":"https:\/\/www.csepelivaroskep.hu\/hirmondo\/wp-json\/wp\/v2\/posts"}],"about":[{"href":"https:\/\/www.csepelivaroskep.hu\/hirmondo\/wp-json\/wp\/v2\/types\/post"}],"author":[{"embeddable":true,"href":"https:\/\/www.csepelivaroskep.hu\/hirmondo\/wp-json\/wp\/v2\/users\/8"}],"replies":[{"embeddable":true,"href":"https:\/\/www.csepelivaroskep.hu\/hirmondo\/wp-json\/wp\/v2\/comments?post=1370"}],"version-history":[{"count":1,"href":"https:\/\/www.csepelivaroskep.hu\/hirmondo\/wp-json\/wp\/v2\/posts\/1370\/revisions"}],"predecessor-version":[{"id":1371,"href":"https:\/\/www.csepelivaroskep.hu\/hirmondo\/wp-json\/wp\/v2\/posts\/1370\/revisions\/1371"}],"wp:featuredmedia":[{"embeddable":true,"href":"https:\/\/www.csepelivaroskep.hu\/hirmondo\/wp-json\/wp\/v2\/media\/1367"}],"wp:attachment":[{"href":"https:\/\/www.csepelivaroskep.hu\/hirmondo\/wp-json\/wp\/v2\/media?parent=1370"}],"wp:term":[{"taxonomy":"category","embeddable":true,"href":"https:\/\/www.csepelivaroskep.hu\/hirmondo\/wp-json\/wp\/v2\/categories?post=1370"},{"taxonomy":"post_tag","embeddable":true,"href":"https:\/\/www.csepelivaroskep.hu\/hirmondo\/wp-json\/wp\/v2\/tags?post=1370"}],"curies":[{"name":"wp","href":"https:\/\/api.w.org\/{rel}","templated":true}]}}