{"id":1372,"date":"2019-06-30T16:45:45","date_gmt":"2019-06-30T16:45:45","guid":{"rendered":"http:\/\/www.csepelivaroskep.hu\/hirmondo\/?p=1372"},"modified":"2019-06-30T16:45:45","modified_gmt":"2019-06-30T16:45:45","slug":"pal-ii-tibor-csepelikent-lett-olimpiai-bronzermes","status":"publish","type":"post","link":"https:\/\/www.csepelivaroskep.hu\/hirmondo\/2019\/06\/30\/pal-ii-tibor-csepelikent-lett-olimpiai-bronzermes\/","title":{"rendered":"P\u00e1l II. Tibor: csepelik\u00e9nt lett olimpiai bronz\u00e9rmes"},"content":{"rendered":"\n<p>H\u00e1rom \u00e9vig, 1958 \u00e9s 1961 k\u00f6z\u00f6tt futballozott a Csepel\nSC-ben P\u00e1l Tibor (84), aki tagja volt a hatvan \u00e9vvel ezel\u0151tti bajnokcsapatnak. A\nsportsajt\u00f3ban P\u00e1l II. Tibornak h\u00edvt\u00e1k. Csepelik\u00e9nt szerepelt a r\u00f3mai olimpi\u00e1n 1960-ban,\nahol a v\u00e1logatott csat\u00e1rak\u00e9nt bronz\u00e9rmes lett. K\u00e9s\u0151bb, 1961-t\u0151l a Vasasban\nfolytatta p\u00e1lyafut\u00e1s\u00e1t, \u00e9s szerzett m\u00e9g h\u00e1rom bajnoki c\u00edmet. K\u00e9tszer szerepelt\na v\u00e1logatottban, \u00e9s egy g\u00f3lt szerzett. A versenysportot 1969-ben fejezte be.\nMeghatottan eml\u00e9kezett a Csepelben elt\u00f6lt\u00f6tt \u00e9vekre.&nbsp;&nbsp;&nbsp; <\/p>\n\n\n\n<p><strong>Hogy telnek most a napjai?<\/strong><\/p>\n\n\n\n<p>\u00c9ppen a Balatonon vagyok a feles\u00e9gemmel, mert otthon \u2013\nBud\u00e1n lakom \u2013 csak \u00fcln\u00e9k a lak\u00e1sban. Ny\u00edrom a f\u00fcvet, b\u00edbel\u0151d\u00f6m a kerttel. A\nh\u00e1rom feln\u0151tt unok\u00e1m szokott megl\u00e1togatni. Az eg\u00e9szs\u00e9gem j\u00f3, csak az\n\u00edz\u00fcleteimmel vannak bajok. F\u00e1j a derekam, a cs\u00edp\u0151m, a t\u00e9rdem. Sportol\u00f3k\u00e9nt\ngyakran voltak s\u00e9r\u00fcl\u00e9seim. <\/p>\n\n\n\n<p><strong>Hogyan eml\u00e9kszik a bajnoks\u00e1got nyert\nCsepelre?<\/strong><\/p>\n\n\n\n<p>Azok nagyon sz\u00e9p id\u0151k voltak, nem lehet \u0151ket\nelfelejteni! Csod\u00e1latos egy\u00fcttes\u00fcnk volt\u2026 Nem voltak benne vil\u00e1gszt\u00e1rok, de\nigazi csapatk\u00e9nt j\u00e1tszottunk. Soha nem korholtuk egym\u00e1st, ha valaki rosszul\nszerepelt, hanem seg\u00edtett\u00fcnk mindenkinek. Nagyszer\u0171 edz\u0151nk volt, J\u00e1vor Pali\nb\u00e1csi, aki j\u00f3 pedag\u00f3gusk\u00e9nt tudta, kivel hogyan kell b\u00e1nni.&nbsp; Ilyen tr\u00e9nerek ma m\u00e1r szinte nincsenek is\u2026 \u00c9s\nolyan j\u00e1t\u00e9kosok fociztak n\u00e1lunk, mint a k\u00e9t K\u00f3czi\u00e1n, Kleib\u00e1n, T\u00f3th II,\nPov\u00e1zsai, Gondos, Tak\u00e1cs, Bulla. Amikor n\u00e9zem a tabl\u00f3t, a sz\u00e9p eml\u00e9kek jutnak\neszembe, de k\u00f6zben az is, hogy mennyien elmentek m\u00e1r k\u00f6z\u00fcl\u00fcnk. Am\u00edg \u00e9ltek a\nt\u00e1rsak, gyakran felh\u00edvtuk egym\u00e1st telefonon. Mostan\u00e1ban Kleib\u00e1n Antal\nfeles\u00e9g\u00e9vel szoktam besz\u00e9lgetni. R\u00e9g\u00f3ta terveztem, mire hossz\u00fa id\u0151 ut\u00e1n tavaly megint\nCsepelen j\u00e1rtam: nagyon meghat\u00f3dtam, hogy \u00fajra ott lehettem a kor\u00e1bbi sikerek\nhelysz\u00edn\u00e9n. <\/p>\n\n\n\n<p><strong>Mi t\u00f6rt\u00e9nt azut\u00e1n, hogy elker\u00fclt\nCsepelr\u0151l?<\/strong><\/p>\n\n\n\n<p>A Vasasban j\u00e1tszottam m\u00e9g \u00e9vekig. H\u00e1rom bajnoks\u00e1got\nnyert\u00fcnk, valamint beker\u00fclt\u00fcnk a Bajnokcsapatok Eur\u00f3pa-kup\u00e1ja negyedd\u00f6nt\u0151j\u00e9be\naz 1967-68-os szezonban. Akkor volt fiatal j\u00e1t\u00e9kos M\u00e9sz\u00f6ly K\u00e1lm\u00e1n \u00e9s Farkas\nJ\u00e1nos, akikkel nagyon j\u00f3 bar\u00e1ts\u00e1gban voltam. Mindig k\u00fcl\u00f6n\u00f6s \u00e9rz\u00e9s fogott el,\namikor a Csepel ellen j\u00e1tszottunk. Bej\u00e1rtuk a vil\u00e1got, magas sz\u00ednvonal\u00fa volt a\nmagyar futball. B\u00fcszkes\u00e9g t\u00f6lt\u00f6tt el, amikor tisztelet\u00fcnkre elj\u00e1tszott\u00e1k a magyar\nhimnuszt. Azt\u00e1n 1969-ben Soroks\u00e1ron, az Egyet\u00e9rt\u00e9s egy\u00fcttes\u00e9ben fejeztem be a\nlabdar\u00fag\u00e1st. A feles\u00e9gemmel egy\u00fctt a vend\u00e9gl\u00e1t\u00f3iparban dolgoztam. Furcsa \u00e9rz\u00e9s\nvolt: mindig vend\u00e9g szerettem lenni, de v\u00e9g\u00fcl vend\u00e9gl\u00e1t\u00f3s lettem. <\/p>\n\n\n\n<p>Cs. A. <\/p>\n","protected":false},"excerpt":{"rendered":"<p>H\u00e1rom \u00e9vig, 1958 \u00e9s 1961 k\u00f6z\u00f6tt futballozott a Csepel SC-ben P\u00e1l Tibor (84), aki tagja volt a hatvan \u00e9vvel ezel\u0151tti bajnokcsapatnak. A sportsajt\u00f3ban P\u00e1l II. Tibornak h\u00edvt\u00e1k. Csepelik\u00e9nt szerepelt a r\u00f3mai olimpi\u00e1n 1960-ban, ahol a v\u00e1logatott csat\u00e1rak\u00e9nt bronz\u00e9rmes lett. K\u00e9s\u0151bb, 1961-t\u0151l a Vasasban folytatta p\u00e1lyafut\u00e1s\u00e1t, \u00e9s szerzett m\u00e9g h\u00e1rom bajnoki c\u00edmet. K\u00e9tszer szerepelt a v\u00e1logatottban, [&hellip;]<\/p>\n","protected":false},"author":8,"featured_media":1373,"comment_status":"open","ping_status":"open","sticky":false,"template":"","format":"standard","meta":[],"categories":[7],"tags":[],"acf":[],"_links":{"self":[{"href":"https:\/\/www.csepelivaroskep.hu\/hirmondo\/wp-json\/wp\/v2\/posts\/1372"}],"collection":[{"href":"https:\/\/www.csepelivaroskep.hu\/hirmondo\/wp-json\/wp\/v2\/posts"}],"about":[{"href":"https:\/\/www.csepelivaroskep.hu\/hirmondo\/wp-json\/wp\/v2\/types\/post"}],"author":[{"embeddable":true,"href":"https:\/\/www.csepelivaroskep.hu\/hirmondo\/wp-json\/wp\/v2\/users\/8"}],"replies":[{"embeddable":true,"href":"https:\/\/www.csepelivaroskep.hu\/hirmondo\/wp-json\/wp\/v2\/comments?post=1372"}],"version-history":[{"count":1,"href":"https:\/\/www.csepelivaroskep.hu\/hirmondo\/wp-json\/wp\/v2\/posts\/1372\/revisions"}],"predecessor-version":[{"id":1374,"href":"https:\/\/www.csepelivaroskep.hu\/hirmondo\/wp-json\/wp\/v2\/posts\/1372\/revisions\/1374"}],"wp:featuredmedia":[{"embeddable":true,"href":"https:\/\/www.csepelivaroskep.hu\/hirmondo\/wp-json\/wp\/v2\/media\/1373"}],"wp:attachment":[{"href":"https:\/\/www.csepelivaroskep.hu\/hirmondo\/wp-json\/wp\/v2\/media?parent=1372"}],"wp:term":[{"taxonomy":"category","embeddable":true,"href":"https:\/\/www.csepelivaroskep.hu\/hirmondo\/wp-json\/wp\/v2\/categories?post=1372"},{"taxonomy":"post_tag","embeddable":true,"href":"https:\/\/www.csepelivaroskep.hu\/hirmondo\/wp-json\/wp\/v2\/tags?post=1372"}],"curies":[{"name":"wp","href":"https:\/\/api.w.org\/{rel}","templated":true}]}}