{"id":1377,"date":"2019-07-03T07:14:11","date_gmt":"2019-07-03T07:14:11","guid":{"rendered":"http:\/\/www.csepelivaroskep.hu\/hirmondo\/?p=1377"},"modified":"2019-07-03T07:14:11","modified_gmt":"2019-07-03T07:14:11","slug":"csepeli-hirmondo-x-16-szam","status":"publish","type":"post","link":"https:\/\/www.csepelivaroskep.hu\/hirmondo\/2019\/07\/03\/csepeli-hirmondo-x-16-szam\/","title":{"rendered":"Csepeli H\u00edrmond\u00f3 X.\/16.sz\u00e1m"},"content":{"rendered":"\n<p>Megjelent a Csepeli H\u00edrmond\u00f3 legfrissebb sz\u00e1ma. A tartalomb\u00f3l: Megny\u00edlt a csepeli strand, Meg\u00fajul Csillagtelep, H\u00edrek a csepeli iskol\u00e1kb\u00f3l, Kit\u0171n\u0151 tanul\u00f3kat jutalmaztak, Ny\u00e1ri t\u00e1mogat\u00e1s, Mit f\u0151zz\u00fcnk a gyerekeknek, Indul a napk\u00f6zis t\u00e1bor a M\u00e9sz\u00e1ros Iskol\u00e1ban is, Semmelweis napi elismer\u00e9sek, Kertv\u00e1rosi idill \u00e9s sz\u00f3rakoz\u00e1s, nyitott gy\u00e1rak h\u00e9tv\u00e9g\u00e9je a Csepel M\u0171vekben, Olimpiai \u00e9rmeket hozn\u00e1nak Csepelre, ker\u00fcleti h\u00edrek, rejtv\u00e9ny. Legk\u00f6zelebbi sz\u00e1munkat j\u00falius 10-\u00e9n keress\u00e9k postal\u00e1d\u00e1jukban.<\/p>\n\n\n<a href=\"https:\/\/www.csepelivaroskep.hu\/hirmondo\/wp-content\/uploads\/sites\/7\/2019\/07\/CSH_202.pdf\" class=\"pdfemb-viewer\" style=\"\" data-width=\"max\" data-height=\"max\" data-mobile-width=\"0\"  data-scrollbar=\"none\" data-download=\"on\" data-tracking=\"on\" data-newwindow=\"on\" data-pagetextbox=\"off\" data-scrolltotop=\"off\" data-startzoom=\"100\" data-startfpzoom=\"100\" data-toolbar=\"both\" data-toolbar-fixed=\"on\">CSH_202<br\/><\/a>\n<p class=\"wp-block-pdfemb-pdf-embedder-viewer\"><\/p>\n","protected":false},"excerpt":{"rendered":"<p>Megjelent a Csepeli H\u00edrmond\u00f3 legfrissebb sz\u00e1ma. A tartalomb\u00f3l: Megny\u00edlt a csepeli strand, Meg\u00fajul Csillagtelep, H\u00edrek a csepeli iskol\u00e1kb\u00f3l, Kit\u0171n\u0151 tanul\u00f3kat jutalmaztak, Ny\u00e1ri t\u00e1mogat\u00e1s, Mit f\u0151zz\u00fcnk a gyerekeknek, Indul a napk\u00f6zis t\u00e1bor a M\u00e9sz\u00e1ros Iskol\u00e1ban is, Semmelweis napi elismer\u00e9sek, Kertv\u00e1rosi idill \u00e9s sz\u00f3rakoz\u00e1s, nyitott gy\u00e1rak h\u00e9tv\u00e9g\u00e9je a Csepel M\u0171vekben, Olimpiai \u00e9rmeket hozn\u00e1nak Csepelre, ker\u00fcleti h\u00edrek, rejtv\u00e9ny. [&hellip;]<\/p>\n","protected":false},"author":8,"featured_media":1376,"comment_status":"open","ping_status":"open","sticky":false,"template":"","format":"standard","meta":[],"categories":[9,12],"tags":[244,230,245,246,243,247],"acf":[],"_links":{"self":[{"href":"https:\/\/www.csepelivaroskep.hu\/hirmondo\/wp-json\/wp\/v2\/posts\/1377"}],"collection":[{"href":"https:\/\/www.csepelivaroskep.hu\/hirmondo\/wp-json\/wp\/v2\/posts"}],"about":[{"href":"https:\/\/www.csepelivaroskep.hu\/hirmondo\/wp-json\/wp\/v2\/types\/post"}],"author":[{"embeddable":true,"href":"https:\/\/www.csepelivaroskep.hu\/hirmondo\/wp-json\/wp\/v2\/users\/8"}],"replies":[{"embeddable":true,"href":"https:\/\/www.csepelivaroskep.hu\/hirmondo\/wp-json\/wp\/v2\/comments?post=1377"}],"version-history":[{"count":1,"href":"https:\/\/www.csepelivaroskep.hu\/hirmondo\/wp-json\/wp\/v2\/posts\/1377\/revisions"}],"predecessor-version":[{"id":1378,"href":"https:\/\/www.csepelivaroskep.hu\/hirmondo\/wp-json\/wp\/v2\/posts\/1377\/revisions\/1378"}],"wp:featuredmedia":[{"embeddable":true,"href":"https:\/\/www.csepelivaroskep.hu\/hirmondo\/wp-json\/wp\/v2\/media\/1376"}],"wp:attachment":[{"href":"https:\/\/www.csepelivaroskep.hu\/hirmondo\/wp-json\/wp\/v2\/media?parent=1377"}],"wp:term":[{"taxonomy":"category","embeddable":true,"href":"https:\/\/www.csepelivaroskep.hu\/hirmondo\/wp-json\/wp\/v2\/categories?post=1377"},{"taxonomy":"post_tag","embeddable":true,"href":"https:\/\/www.csepelivaroskep.hu\/hirmondo\/wp-json\/wp\/v2\/tags?post=1377"}],"curies":[{"name":"wp","href":"https:\/\/api.w.org\/{rel}","templated":true}]}}