{"id":1379,"date":"2019-07-04T07:12:21","date_gmt":"2019-07-04T07:12:21","guid":{"rendered":"http:\/\/www.csepelivaroskep.hu\/hirmondo\/?p=1379"},"modified":"2019-07-04T07:12:21","modified_gmt":"2019-07-04T07:12:21","slug":"miniszteri-elismeresek-semmelweis-napon","status":"publish","type":"post","link":"https:\/\/www.csepelivaroskep.hu\/hirmondo\/2019\/07\/04\/miniszteri-elismeresek-semmelweis-napon\/","title":{"rendered":"Miniszteri elismer\u00e9sek Semmelweis napon"},"content":{"rendered":"\n<p><strong>Miniszteri elismer\u00e9sek Semmelweis napon<\/strong><strong>Semmelweis-nap alkalm\u00e1b\u00f3l szakmai d\u00edjakat \u00e9s miniszteri elismer\u0151\nokleveleket adtak \u00e1t a Pesti Vigad\u00f3ban j\u00falius elsej\u00e9n. Az eg\u00e9szs\u00e9g\u00fcgyi ell\u00e1t\u00e1s\nfejleszt\u00e9se \u00e9rdek\u00e9ben v\u00e9gzett szakmai munk\u00e1ja, kimagasl\u00f3 teljes\u00edtm\u00e9nye elismer\u00e9sek\u00e9nt\nBatthy\u00e1ny-Strattmann L\u00e1szl\u00f3-d\u00edjat<\/strong><strong> <\/strong><strong>vehetett \u00e1t: Dr. Juh\u00e1sz Gy\u00f6rgy, a T\u00f3th\nIlona Eg\u00e9szs\u00e9g\u00fcgyi Szolg\u00e1lat f\u0151igazgat\u00f3 f\u0151orvosa \u00e9s Dr. Ralovich Zsolt, a Jahn\nFerenc D\u00e9l-Pesti K\u00f3rh\u00e1z \u00e9s Rendel\u0151int\u00e9zet f\u0151igazgat\u00f3ja. <\/strong><\/p>\n\n\n\n<p>Az \u00fcnneps\u00e9gen k\u00f6sz\u00f6nt\u0151t mondott <em>Prof.<\/em> <em>Dr. K\u00e1sler Mikl\u00f3s<\/em>, az\nemberi er\u0151forr\u00e1sok minisztere \u00e9s<em> Prof. Dr. Horv\u00e1th Ildik\u00f3, <\/em><em>az Emberi Er\u0151forr\u00e1sok\nMiniszt\u00e9rium\u00e1nak eg\u00e9szs\u00e9g\u00fcgy\u00e9rt felel\u0151s \u00e1llamtitk\u00e1ra.<\/em><\/p>\n\n\n\n<p><em>Prof.<\/em> <em>Dr. K\u00e1sler Mikl\u00f3s<\/em> Semmelweis Ign\u00e1c munk\u00e1ss\u00e1g\u00e1t\nm\u00e9ltatva hangs\u00falyozta, egy olyan emberre eml\u00e9kez\u00fcnk, akit az emberis\u00e9g\nj\u00f3tev\u0151jek\u00e9nt, az any\u00e1k megment\u0151jek\u00e9nt, az orvostudom\u00e1ny Luther M\u00e1rtonjak\u00e9nt, a\nlegetikusabb orvosk\u00e9nt tartanak sz\u00e1mon. Felfedez\u00e9s\u00e9vel le\u00edrta a gyermek\u00e1gyi l\u00e1z\nok\u00e1t, kialakul\u00e1s\u00e1nak folyamat\u00e1t \u00e9s azt, hogy a fert\u0151z\u00e9st milyen m\u00f3dszerekkel\nlehet megel\u0151zni. \u201eNek\u00fcnk \u0151 a m\u00e9rce, a magyar orvostudom\u00e1ny els\u0151 nagy gener\u00e1ci\u00f3j\u00e1t\ngy\u0171jt\u00f6tte maga k\u00f6r\u00e9\u201d \u2013 emelte ki az emberi er\u0151forr\u00e1sok minisztere. A\nt\u00e1rcavezet\u0151 hozz\u00e1tette, \u201eaz any\u00e1k megment\u0151je\u201d nem k\u00edm\u00e9lte sem mag\u00e1t, sem orvos\nkoll\u00e9g\u00e1it az igazs\u00e1g \u00e9rdek\u00e9ben, ez tette \u0151t naggy\u00e1.\u201d<br>\nA kit\u00fcntetettekhez sz\u00f3lva a miniszter \u00fagy fogalmazott, a jelenl\u00e9v\u0151k n\u00e9lk\u00fcl nem\n\u00e9lne tov\u00e1bb ez a szeml\u00e9let, \u00e9s b\u00e1r a materi\u00e1lis k\u00f6r\u00fclm\u00e9nyek l\u00e9nyegesek a\ngy\u00f3gy\u00edt\u00e1sban, az orvos szeml\u00e9let\u00e9t, elhivatotts\u00e1g\u00e1t nem p\u00f3tolja semmi. V\u00e9g\u00fcl k\u00f6sz\u00f6netet\nmondott a d\u00edjazottak munk\u00e1j\u00e1\u00e9rt a korm\u00e1ny, a miniszt\u00e9rium \u00e9s a betegek nev\u00e9ben.<\/p>\n\n\n\n<p><br>\nHorv\u00e1th Ildik\u00f3 eg\u00e9szs\u00e9g\u00fcgy\u00e9rt felel\u0151s \u00e1llamtitk\u00e1r arr\u00f3l besz\u00e9lt, hogy ugyan az\norvosok a legjobb tud\u00e1suk, rendelkez\u00e9sre \u00e1ll\u00f3 tudom\u00e1nyos inform\u00e1ci\u00f3k alapj\u00e1n\ngy\u00f3gy\u00edtanak, de kutatni, keresni kell azokat az ismereteket, amelyek\nfelt\u00e1r\u00e1s\u00e1val m\u00e9g jobban seg\u00edtik a gy\u00f3gy\u00edt\u00e1st. Az \u00e1llamtitk\u00e1r megk\u00f6sz\u00f6nte azt az\ner\u0151fesz\u00edt\u00e9st, f\u00e1rads\u00e1gos \u00e9s elk\u00f6telezett munk\u00e1t, amire a betegeknek sz\u00fcks\u00e9g\u00fck\nvan ahhoz, hogy \u00e9rezz\u00e9k: biztons\u00e1gban vannak.<\/p>\n\n\n\n<p><br>\nId\u00e9n a Semmelweis-d\u00edjat Koll\u00e1r Lajos, a P\u00e9csi Tudom\u00e1nyegyetem K\u00f6zponti\n\u00c9rseb\u00e9szeti Klinika egyetemi tan\u00e1ra, professzor emeritus kapta. Tizenn\u00e9gyen\nr\u00e9szes\u00fcltek Batthy\u00e1ny-Strattmann L\u00e1szl\u00f3-d\u00edjban, k\u00f6zt\u00fck: Juh\u00e1sz Gy\u00f6rgy, a T\u00f3th\nIlona Eg\u00e9szs\u00e9g\u00fcgyi Szolg\u00e1lat f\u0151igazgat\u00f3 f\u0151orvosa \u00e9s Ralovich Zsolt, a Jahn\nFerenc D\u00e9l-Pesti K\u00f3rh\u00e1z \u00e9s Rendel\u0151int\u00e9zet f\u0151igazgat\u00f3ja. Pro Sanitate d\u00edjat egy\norvos vehetett \u00e1t, tov\u00e1bbi harminchat szakember pedig miniszteri elismer\u0151 oklev\u00e9lben\nr\u00e9szes\u00fclt.<\/p>\n\n\n\n<p>Juh\u00e1sz Gy\u00f6rgy, a T\u00f3th Ilona\nEg\u00e9szs\u00e9g\u00fcgyi Szolg\u00e1lat f\u0151igazgat\u00f3 f\u0151orvosa<em>: \u201e\u00d3ri\u00e1si meglepet\u00e9s volt\nsz\u00e1momra ez az elismer\u00e9s, neh\u00e9z szavakban kifejezni a jelent\u0151s\u00e9g\u00e9t. B\u00e1r a d\u00edjat\n\u00e9n kaptam, de nem csak nekem sz\u00f3l. Sz\u00f3l a feles\u00e9gemnek, a munkat\u00e1rsaimnak, a\nT\u00f3th Ilona Eg\u00e9szs\u00e9g\u00fcgyi Szakszolg\u00e1latn\u00e1l, az \u00f6nkorm\u00e1nyzatnak, amely seg\u00edti,\nt\u00e1mogatja a munk\u00e1mat \u00e9s persze eg\u00e9sz Csepelnek is.\u201d<\/em><\/p>\n\n\n\n<p>Ralovich Zsolt, a Jahn Ferenc D\u00e9l-Pesti K\u00f3rh\u00e1z \u00e9s Rendel\u0151int\u00e9zet f\u0151igazgat\u00f3ja<em>: \u201eNagy megtiszteltet\u00e9s, hogy ezt a d\u00edjat \u00e1tvehettem. \u00dagy gondolom, hogy nemcsak az \u00e9n munk\u00e1mat ismert\u00e9k el ezzel, hanem a Jahn Ferenc D\u00e9l- Pesti K\u00f3rh\u00e1z teljes kollekt\u00edv\u00e1j\u00e1nak \u00e9s menedzsmentj\u00e9nek tev\u00e9kenys\u00e9g\u00e9t is d\u00edjazt\u00e1k. Nap, mint nap sokat dolgozunk az\u00e9rt, hogy az ell\u00e1t\u00e1si ter\u00fclet\u00fcnkh\u00f6z tartoz\u00f3 380 ezer f\u0151s lakoss\u00e1g eg\u00e9szs\u00e9g\u00fcgyi ell\u00e1t\u00e1s\u00e1t a lehet\u0151 legmagasabb szakmai sz\u00ednvonalon biztos\u00edtsuk.\u201d<\/em><\/p>\n\n\n\n<figure class=\"wp-block-image\"><img loading=\"lazy\" width=\"1024\" height=\"682\" src=\"http:\/\/www.csepelivaroskep.hu\/hirmondo\/wp-content\/uploads\/sites\/7\/2019\/07\/GMA_2833-1-1024x682.jpg\" alt=\"\" class=\"wp-image-1381\" srcset=\"https:\/\/www.csepelivaroskep.hu\/hirmondo\/wp-content\/uploads\/sites\/7\/2019\/07\/GMA_2833-1.jpg 1024w, https:\/\/www.csepelivaroskep.hu\/hirmondo\/wp-content\/uploads\/sites\/7\/2019\/07\/GMA_2833-1-300x200.jpg 300w, https:\/\/www.csepelivaroskep.hu\/hirmondo\/wp-content\/uploads\/sites\/7\/2019\/07\/GMA_2833-1-768x512.jpg 768w\" sizes=\"(max-width: 1024px) 100vw, 1024px\" \/><\/figure>\n","protected":false},"excerpt":{"rendered":"<p>Miniszteri elismer\u00e9sek Semmelweis naponSemmelweis-nap alkalm\u00e1b\u00f3l szakmai d\u00edjakat \u00e9s miniszteri elismer\u0151 okleveleket adtak \u00e1t a Pesti Vigad\u00f3ban j\u00falius elsej\u00e9n. Az eg\u00e9szs\u00e9g\u00fcgyi ell\u00e1t\u00e1s fejleszt\u00e9se \u00e9rdek\u00e9ben v\u00e9gzett szakmai munk\u00e1ja, kimagasl\u00f3 teljes\u00edtm\u00e9nye elismer\u00e9sek\u00e9nt Batthy\u00e1ny-Strattmann L\u00e1szl\u00f3-d\u00edjat vehetett \u00e1t: Dr. Juh\u00e1sz Gy\u00f6rgy, a T\u00f3th Ilona Eg\u00e9szs\u00e9g\u00fcgyi Szolg\u00e1lat f\u0151igazgat\u00f3 f\u0151orvosa \u00e9s Dr. Ralovich Zsolt, a Jahn Ferenc D\u00e9l-Pesti K\u00f3rh\u00e1z \u00e9s Rendel\u0151int\u00e9zet f\u0151igazgat\u00f3ja. [&hellip;]<\/p>\n","protected":false},"author":8,"featured_media":1380,"comment_status":"open","ping_status":"open","sticky":false,"template":"","format":"standard","meta":[],"categories":[8],"tags":[],"acf":[],"_links":{"self":[{"href":"https:\/\/www.csepelivaroskep.hu\/hirmondo\/wp-json\/wp\/v2\/posts\/1379"}],"collection":[{"href":"https:\/\/www.csepelivaroskep.hu\/hirmondo\/wp-json\/wp\/v2\/posts"}],"about":[{"href":"https:\/\/www.csepelivaroskep.hu\/hirmondo\/wp-json\/wp\/v2\/types\/post"}],"author":[{"embeddable":true,"href":"https:\/\/www.csepelivaroskep.hu\/hirmondo\/wp-json\/wp\/v2\/users\/8"}],"replies":[{"embeddable":true,"href":"https:\/\/www.csepelivaroskep.hu\/hirmondo\/wp-json\/wp\/v2\/comments?post=1379"}],"version-history":[{"count":1,"href":"https:\/\/www.csepelivaroskep.hu\/hirmondo\/wp-json\/wp\/v2\/posts\/1379\/revisions"}],"predecessor-version":[{"id":1382,"href":"https:\/\/www.csepelivaroskep.hu\/hirmondo\/wp-json\/wp\/v2\/posts\/1379\/revisions\/1382"}],"wp:featuredmedia":[{"embeddable":true,"href":"https:\/\/www.csepelivaroskep.hu\/hirmondo\/wp-json\/wp\/v2\/media\/1380"}],"wp:attachment":[{"href":"https:\/\/www.csepelivaroskep.hu\/hirmondo\/wp-json\/wp\/v2\/media?parent=1379"}],"wp:term":[{"taxonomy":"category","embeddable":true,"href":"https:\/\/www.csepelivaroskep.hu\/hirmondo\/wp-json\/wp\/v2\/categories?post=1379"},{"taxonomy":"post_tag","embeddable":true,"href":"https:\/\/www.csepelivaroskep.hu\/hirmondo\/wp-json\/wp\/v2\/tags?post=1379"}],"curies":[{"name":"wp","href":"https:\/\/api.w.org\/{rel}","templated":true}]}}