{"id":1401,"date":"2019-07-19T07:07:47","date_gmt":"2019-07-19T07:07:47","guid":{"rendered":"http:\/\/www.csepelivaroskep.hu\/hirmondo\/?p=1401"},"modified":"2019-07-19T07:07:47","modified_gmt":"2019-07-19T07:07:47","slug":"%ef%bb%bfjatszoteri-korkep","status":"publish","type":"post","link":"https:\/\/www.csepelivaroskep.hu\/hirmondo\/2019\/07\/19\/%ef%bb%bfjatszoteri-korkep\/","title":{"rendered":"\ufeffJ\u00e1tsz\u00f3t\u00e9ri k\u00f6rk\u00e9p"},"content":{"rendered":"\n<p><br><\/p>\n\n\n\n<p><strong>A j\u00e1tsz\u00f3t\u00e9ren t\u00f6lt\u00f6tt id\u0151, az ott szerzett \u00e9lm\u00e9nyek meghat\u00e1roz\u00f3ak a\ngyerekek sz\u00e1m\u00e1ra. Egy j\u00f3l felszerelt j\u00e1tsz\u00f3t\u00e9r seg\u00edti a mozg\u00e1sfejl\u0151d\u00e9s\u00fcket,\njav\u00edtja egyens\u00faly\u00e9rz\u00e9k\u00fcket, koordin\u00e1ci\u00f3jukat, fejleszti a kreativit\u00e1sukat. A\nny\u00e1ri sz\u00fcnetben a gyerekek szeretnek \u00faj \u00e9s izgalmas helyeket felfedezni \u00e9s\nbirtokba venni.<\/strong><strong> Most indul\u00f3 sorozatunkban n\u00e9h\u00e1ny n\u00e9pszer\u0171 \u00e9s kev\u00e9sb\u00e9\nismert csepeli j\u00e1tsz\u00f3teret is bemutatunk. Els\u0151k\u00e9nt a Kal\u00f3zhaj\u00f3s j\u00e1tsz\u00f3t\u00e9rre\nl\u00e1togattunk. <\/strong><\/p>\n\n\n\n<p>A park 2016-ban nyitotta meg kapuit, \u00e9s r\u00f6vid id\u0151n bel\u00fcl a ker\u00fclet egyik legsikeresebb, legt\u00f6bbet l\u00e1togatott j\u00e1tsz\u00f3tere lett. Tavaly fel\u00faj\u00edtott\u00e1k, a korszer\u0171s\u00edt\u00e9sek nyom\u00e1n \u00faj \u00e9s l\u00e1tv\u00e1nyos elemekkel b\u0151v\u00fclt a ter\u00fclet. P\u00e9ld\u00e1ul a kal\u00f3zhaj\u00f3 mellett fel\u00e9p\u00fclt egy 5 m\u00e9ter magas kal\u00f3zv\u00e1r, melynek tornyaib\u00f3l egyenes \u00e9s spir\u00e1l cs\u0151cs\u00faszd\u00e1kon \u00e9rkezhetnek le a gyerekek, a homokoz\u00f3ban delfin \u00e9s csik\u00f3hal alak\u00fa rug\u00f3s j\u00e1t\u00e9kokat helyeztek, de egy \u00faj baba-mama hint\u00e1t \u00e9s k\u00e9t \u00faj f\u00e9szekhint\u00e1t is felszereltek. Ugyanakkor a parkban egy mozg\u00e1ss\u00e9r\u00fclteket is kiszolg\u00e1l\u00f3 mosd\u00f3helyis\u00e9g is ny\u00edlt. A parkban minden h\u00e9tf\u0151n karbantart\u00e1si munk\u00e1kat v\u00e9geznek, ez\u00e9rt a j\u00e1tsz\u00f3t\u00e9r csak d\u00e9lut\u00e1n 15.00 \u00f3r\u00e1t\u00f3l-20.30-ig tart nyitva. Keddt\u0151l \u2013 vas\u00e1rnapig pedig 08.00-20.30-\u00f3r\u00e1ig v\u00e1rja a l\u00e1togat\u00f3kat.<\/p>\n\n\n\n<p><strong>H\u00e9tk\u00f6znap d\u00e9lel\u0151tt is sokan voltak a parkban. Sz\u00fcl\u0151ket,\nnagysz\u00fcl\u0151ket k\u00e9rdezt\u00fcnk arr\u00f3l, milyenek l\u00e1tj\u00e1k a j\u00e1tsz\u00f3teret. <\/strong><\/p>\n\n\n\n<p><strong>Bita Ern\u0151n\u00e9<\/strong>: \u201eCsepelen lakom, ha az unok\u00e1m, B\u00e1lint\nn\u00e1lam van, sz\u00edvesen j\u00f6v\u00fcnk erre a j\u00e1tsz\u00f3t\u00e9rre. Ny\u00e1ron pr\u00f3b\u00e1lunk a reggeli\n\u00f3r\u00e1kban indulni, mikor h\u0171v\u00f6sebb az id\u0151 \u00e9s d\u00e9l-egy \u00f3ra k\u00f6r\u00fcl megy\u00fcnk haza.\nB\u00e1lint mindig tal\u00e1l mag\u00e1nak bar\u00e1tokat, akikkel sz\u00edvesen j\u00e1tszik. Szeret\nfelmenni a kal\u00f3zhaj\u00f3ba, k\u00f6t\u00e9len m\u00e1szni, de a hint\u00e1t is nagyon kedveli.\nEl\u00e9gedett vagyok a j\u00e1tsz\u00f3t\u00e9rrel, sz\u00e9pen rendben tartj\u00e1k. Bel\u00e1that\u00f3 a t\u00e9r, a\nf\u0171ben nyugodtan lehet mez\u00edtl\u00e1b j\u00e1rk\u00e1lni, tiszta a mell\u00e9khelyis\u00e9g, van iv\u00f3k\u00fat \u00e9s\nbiztons\u00e1gosan k\u00f6rbe van ker\u00edtve.\u201d<\/p>\n\n\n\n<p><strong>Dr. B\u0151sze Lajos<\/strong> feles\u00e9g\u00e9vel \u00e9s k\u00e9t unok\u00e1j\u00e1val, Zo\u00e9val\n\u00e9s Rajmunddal Pesterzs\u00e9betr\u0151l \u00e9rkezett. \u201eGyakran j\u00f6v\u00fcnk ide, egy h\u00e9ten ak\u00e1r\nk\u00e9tszer is, ha n\u00e1lunk vannak az unok\u00e1k. M\u00edg a gyerekek felfedezik a j\u00e1t\u00e9kokat,\nszaladg\u00e1lnak, hint\u00e1znak, addig a nagysz\u00fcl\u0151k az \u00e1rnyas f\u00e1k alatt \u00fcld\u00f6g\u00e9lnek.\n\u00c1tl\u00e1that\u00f3 \u00e9s sz\u00e9p j\u00e1tsz\u00f3t\u00e9r, melyet sokat fejlesztettek az elm\u00falt \u00e9vekben, t\u00f6bb\n\u00faj j\u00e1t\u00e9k is ker\u00fclt a parkba. Az orsz\u00e1gban \u00e9s tal\u00e1n Eur\u00f3p\u00e1ban is egyed\u00fcl\u00e1ll\u00f3.\u201d<\/p>\n\n\n\n<p><strong>M\u00f3nika <\/strong>k\u00e9t gyermek\u00e9vel Fannival \u00e9s \u00c1d\u00e1mmal j\u00f6tt. \u201e\u00c1d\u00e1m 15 h\u00f3napos \u0151t most hoztam el el\u0151sz\u0151r, de hat\u00e9ves Fanni l\u00e1nyommal t\u00f6bbsz\u00f6r voltunk m\u00e1r itt. \u00c1ltal\u00e1ban kamp\u00e1nyszer\u0171en j\u00f6v\u00fcnk, vannak id\u0151szakok, amikor gyakrabban l\u00e1togatunk ide. Tetszik a j\u00e1tsz\u00f3t\u00e9r, sokat fejlesztett\u00e9k. Kreat\u00edv \u00e9s modern, a j\u00e1t\u00e9kok eg\u00e9szen m\u00e1sok, mint egy hagyom\u00e1nyos j\u00e1tsz\u00f3t\u00e9ren. J\u00f3k a hint\u00e1k, el\u0151ny, hogy a kapu biztons\u00e1ggal z\u00e1rhat\u00f3, van iv\u00f3k\u00fat, amit a gyerekek maguk is tudnak haszn\u00e1lni.\u201d<\/p>\n\n\n\n<figure class=\"wp-block-image\"><img loading=\"lazy\" width=\"1024\" height=\"682\" src=\"http:\/\/www.csepelivaroskep.hu\/hirmondo\/wp-content\/uploads\/sites\/7\/2019\/07\/GMA_3457-1024x682.jpg\" alt=\"\" class=\"wp-image-1403\" srcset=\"https:\/\/www.csepelivaroskep.hu\/hirmondo\/wp-content\/uploads\/sites\/7\/2019\/07\/GMA_3457.jpg 1024w, https:\/\/www.csepelivaroskep.hu\/hirmondo\/wp-content\/uploads\/sites\/7\/2019\/07\/GMA_3457-300x200.jpg 300w, https:\/\/www.csepelivaroskep.hu\/hirmondo\/wp-content\/uploads\/sites\/7\/2019\/07\/GMA_3457-768x512.jpg 768w\" sizes=\"(max-width: 1024px) 100vw, 1024px\" \/><\/figure>\n","protected":false},"excerpt":{"rendered":"<p>A j\u00e1tsz\u00f3t\u00e9ren t\u00f6lt\u00f6tt id\u0151, az ott szerzett \u00e9lm\u00e9nyek meghat\u00e1roz\u00f3ak a gyerekek sz\u00e1m\u00e1ra. Egy j\u00f3l felszerelt j\u00e1tsz\u00f3t\u00e9r seg\u00edti a mozg\u00e1sfejl\u0151d\u00e9s\u00fcket, jav\u00edtja egyens\u00faly\u00e9rz\u00e9k\u00fcket, koordin\u00e1ci\u00f3jukat, fejleszti a kreativit\u00e1sukat. A ny\u00e1ri sz\u00fcnetben a gyerekek szeretnek \u00faj \u00e9s izgalmas helyeket felfedezni \u00e9s birtokba venni. Most indul\u00f3 sorozatunkban n\u00e9h\u00e1ny n\u00e9pszer\u0171 \u00e9s kev\u00e9sb\u00e9 ismert csepeli j\u00e1tsz\u00f3teret is bemutatunk. Els\u0151k\u00e9nt a Kal\u00f3zhaj\u00f3s j\u00e1tsz\u00f3t\u00e9rre [&hellip;]<\/p>\n","protected":false},"author":8,"featured_media":1403,"comment_status":"open","ping_status":"open","sticky":false,"template":"","format":"standard","meta":[],"categories":[7],"tags":[262],"acf":[],"_links":{"self":[{"href":"https:\/\/www.csepelivaroskep.hu\/hirmondo\/wp-json\/wp\/v2\/posts\/1401"}],"collection":[{"href":"https:\/\/www.csepelivaroskep.hu\/hirmondo\/wp-json\/wp\/v2\/posts"}],"about":[{"href":"https:\/\/www.csepelivaroskep.hu\/hirmondo\/wp-json\/wp\/v2\/types\/post"}],"author":[{"embeddable":true,"href":"https:\/\/www.csepelivaroskep.hu\/hirmondo\/wp-json\/wp\/v2\/users\/8"}],"replies":[{"embeddable":true,"href":"https:\/\/www.csepelivaroskep.hu\/hirmondo\/wp-json\/wp\/v2\/comments?post=1401"}],"version-history":[{"count":2,"href":"https:\/\/www.csepelivaroskep.hu\/hirmondo\/wp-json\/wp\/v2\/posts\/1401\/revisions"}],"predecessor-version":[{"id":1404,"href":"https:\/\/www.csepelivaroskep.hu\/hirmondo\/wp-json\/wp\/v2\/posts\/1401\/revisions\/1404"}],"wp:featuredmedia":[{"embeddable":true,"href":"https:\/\/www.csepelivaroskep.hu\/hirmondo\/wp-json\/wp\/v2\/media\/1403"}],"wp:attachment":[{"href":"https:\/\/www.csepelivaroskep.hu\/hirmondo\/wp-json\/wp\/v2\/media?parent=1401"}],"wp:term":[{"taxonomy":"category","embeddable":true,"href":"https:\/\/www.csepelivaroskep.hu\/hirmondo\/wp-json\/wp\/v2\/categories?post=1401"},{"taxonomy":"post_tag","embeddable":true,"href":"https:\/\/www.csepelivaroskep.hu\/hirmondo\/wp-json\/wp\/v2\/tags?post=1401"}],"curies":[{"name":"wp","href":"https:\/\/api.w.org\/{rel}","templated":true}]}}