{"id":1405,"date":"2019-07-19T07:20:45","date_gmt":"2019-07-19T07:20:45","guid":{"rendered":"http:\/\/www.csepelivaroskep.hu\/hirmondo\/?p=1405"},"modified":"2019-07-19T07:21:18","modified_gmt":"2019-07-19T07:21:18","slug":"%ef%bb%bfelsosegelytippek-gyerekeknek","status":"publish","type":"post","link":"https:\/\/www.csepelivaroskep.hu\/hirmondo\/2019\/07\/19\/%ef%bb%bfelsosegelytippek-gyerekeknek\/","title":{"rendered":"\ufeffNy\u00e1ri els\u0151seg\u00e9ly gyerekeknek"},"content":{"rendered":"\n<p style=\"text-align:right\"><br><\/p>\n\n\n\n<p><strong>A ny\u00e1ri vak\u00e1ci\u00f3 idej\u00e9n hasznosan t\u00f6lthett\u00e9k szabadidej\u00fcket \u00f3vod\u00e1s- \u00e9s\niskol\u00e1skor\u00fa gyermekek a Hum\u00e1n Szolg\u00e1ltat\u00e1sok Igazgat\u00f3s\u00e1ga \u00e9p\u00fclet\u00e9ben, ahol sebk\u00f6t\u00f6z\u00e9sekr\u0151l,\nr\u00f6gz\u00edt\u00e9si technik\u00e1kr\u00f3l kaptak fontos inform\u00e1ci\u00f3kat, megismerkedtek a ment\u0151h\u00edv\u00e1s\nalapjaival \u00e9s m\u00e9g a Csepeli Ment\u0151\u00e1llom\u00e1sra is ell\u00e1togattak. Cs\u00fct\u00f6rt\u00f6k d\u00e9lel\u0151tt\nKiss Dezs\u0151, az Orsz\u00e1gos Ment\u0151szolg\u00e1lat munkat\u00e1rsa tartott bemutat\u00f3t. <\/strong><\/p>\n\n\n\n<p>Az \u00e9rdekl\u0151d\u0151knek elmondta, hogy t\u00f6bb mint hetven \u00e9ve m\u0171k\u00f6dik az OMSZ, el\u0151tte pedig az 1800-as \u00e9vekben lovaskocsival sz\u00e1ll\u00edtott\u00e1k a betegeket. A ment\u0151h\u00edv\u00e1s tudnival\u00f3iba bekapcsol\u00f3dott koll\u00e9gan\u0151je, Andrea is, aki felsorolta a bejelent\u00e9s kapcs\u00e1n hol \u00e9s mi t\u00f6rt\u00e9nt, h\u00e1ny s\u00e9r\u00fclt van, milyen panasz \u00e9szlelhet\u0151, valamint megeml\u00edtette a n\u00e9v \u00e9s telefonsz\u00e1m megad\u00e1s\u00e1t. <\/p>\n\n\n\n<p>A gyerekek t\u00f6bbek k\u00f6z\u00f6tt megtudhatt\u00e1k azt is, hogy\nmi a teend\u0151j\u00fck, ha felborulnak a biciklivel vagy hogyan csillap\u00edthatj\u00e1k a v\u00e9rz\u00e9st.\nA szakember seg\u00edts\u00e9get ny\u00fajtott ebben imit\u00e1lt s\u00e9r\u00fcl\u00e9seket felt\u00e9telezve k\u00f6tszereket\n\u00e9s k\u00fcl\u00f6nf\u00e9le k\u00f6t\u00f6z\u00e9si technik\u00e1kat mutatott be az \u00f6nk\u00e9nt jelentkez\u0151k\u00f6n. Bek\u00f6t\u00f6z\u00f6tt\ns\u00e9r\u00fclt k\u00f6ny\u00f6k\u00f6t \u00e9s t\u00e9rdet, valamint a fejs\u00e9r\u00fcl\u00e9sn\u00e9l a sapkak\u00f6t\u00e9st illusztr\u00e1lta.\nMegmutatta hogyan kell szakszer\u0171en felhelyezni egy nyakr\u00f6gz\u00edt\u0151t \u00e9s mivel hogyan\nr\u00f6gz\u00edtenek egy t\u00f6r\u00f6tt l\u00e1bat. <\/p>\n\n\n\n<p>A ment\u0151\u00e1llom\u00e1son elmagyar\u00e1zta a r\u00e1di\u00f3k\nhaszn\u00e1lat\u00e1t, majd ismertette, hogy betegfelv\u00e9telkor menetlev\u00e9l helyett m\u00e1r\ntableten dolgoznak. <\/p>\n\n\n\n<p>A gyerekek a legjobban a ment\u0151aut\u00f3\nmegtekint\u00e9s\u00e9t v\u00e1rt\u00e1k, izgatottan n\u00e9zt\u00e9k k\u00edv\u00fcl-bel\u00fcl, s szinte mindegyik\u00fck\nkipr\u00f3b\u00e1lta a szimul\u00e1lt vezet\u00e9st. <\/p>\n\n\n\n<p>K\u00e9rd\u00e9s\u00fcnkre K\u00fcller Andrea, a M\u00f3ra Ferenc \u00c1ltal\u00e1nos\nIskola hetedik oszt\u00e1ly\u00e1ba k\u00e9sz\u00fcl\u0151 tanul\u00f3ja elmondta: \u201eMost el\u0151sz\u00f6r l\u00e1thattam\nilyen k\u00f6zelr\u0151l ment\u0151t. \u00d6r\u00fcl\u00f6k annak, hogy mindent megn\u00e9zhetek benne. A\nment\u0151h\u00edv\u00e1sr\u00f3l m\u00e9g anyuk\u00e1m mes\u00e9lt, mindenk\u00e9pp j\u00f3 tudni. Am\u00fagy a k\u00f6tszerek\ntetszettek legjobban \u00e9s a r\u00e1di\u00f3haszn\u00e1lat. B\u00e1r \u00e9desany\u00e1m az eg\u00e9szs\u00e9g\u00fcgyben\ndolgozik, engem viszont jobban \u00e9rdekel a rend\u0151rs\u00e9g, szeretek ir\u00e1ny\u00edtani\u201d \u2013\ntette hozz\u00e1 Andi.<\/p>\n\n\n\n<p>AZS<\/p>\n\n\n\n<figure class=\"wp-block-image\"><img loading=\"lazy\" width=\"1024\" height=\"682\" src=\"http:\/\/www.csepelivaroskep.hu\/hirmondo\/wp-content\/uploads\/sites\/7\/2019\/07\/GMA_6205-1024x682.jpg\" alt=\"\" class=\"wp-image-1406\" srcset=\"https:\/\/www.csepelivaroskep.hu\/hirmondo\/wp-content\/uploads\/sites\/7\/2019\/07\/GMA_6205.jpg 1024w, https:\/\/www.csepelivaroskep.hu\/hirmondo\/wp-content\/uploads\/sites\/7\/2019\/07\/GMA_6205-300x200.jpg 300w, https:\/\/www.csepelivaroskep.hu\/hirmondo\/wp-content\/uploads\/sites\/7\/2019\/07\/GMA_6205-768x512.jpg 768w\" sizes=\"(max-width: 1024px) 100vw, 1024px\" \/><\/figure>\n","protected":false},"excerpt":{"rendered":"<p>A ny\u00e1ri vak\u00e1ci\u00f3 idej\u00e9n hasznosan t\u00f6lthett\u00e9k szabadidej\u00fcket \u00f3vod\u00e1s- \u00e9s iskol\u00e1skor\u00fa gyermekek a Hum\u00e1n Szolg\u00e1ltat\u00e1sok Igazgat\u00f3s\u00e1ga \u00e9p\u00fclet\u00e9ben, ahol sebk\u00f6t\u00f6z\u00e9sekr\u0151l, r\u00f6gz\u00edt\u00e9si technik\u00e1kr\u00f3l kaptak fontos inform\u00e1ci\u00f3kat, megismerkedtek a ment\u0151h\u00edv\u00e1s alapjaival \u00e9s m\u00e9g a Csepeli Ment\u0151\u00e1llom\u00e1sra is ell\u00e1togattak. Cs\u00fct\u00f6rt\u00f6k d\u00e9lel\u0151tt Kiss Dezs\u0151, az Orsz\u00e1gos Ment\u0151szolg\u00e1lat munkat\u00e1rsa tartott bemutat\u00f3t. Az \u00e9rdekl\u0151d\u0151knek elmondta, hogy t\u00f6bb mint hetven \u00e9ve m\u0171k\u00f6dik az OMSZ, [&hellip;]<\/p>\n","protected":false},"author":8,"featured_media":1406,"comment_status":"open","ping_status":"open","sticky":false,"template":"","format":"standard","meta":[],"categories":[8],"tags":[],"acf":[],"_links":{"self":[{"href":"https:\/\/www.csepelivaroskep.hu\/hirmondo\/wp-json\/wp\/v2\/posts\/1405"}],"collection":[{"href":"https:\/\/www.csepelivaroskep.hu\/hirmondo\/wp-json\/wp\/v2\/posts"}],"about":[{"href":"https:\/\/www.csepelivaroskep.hu\/hirmondo\/wp-json\/wp\/v2\/types\/post"}],"author":[{"embeddable":true,"href":"https:\/\/www.csepelivaroskep.hu\/hirmondo\/wp-json\/wp\/v2\/users\/8"}],"replies":[{"embeddable":true,"href":"https:\/\/www.csepelivaroskep.hu\/hirmondo\/wp-json\/wp\/v2\/comments?post=1405"}],"version-history":[{"count":2,"href":"https:\/\/www.csepelivaroskep.hu\/hirmondo\/wp-json\/wp\/v2\/posts\/1405\/revisions"}],"predecessor-version":[{"id":1408,"href":"https:\/\/www.csepelivaroskep.hu\/hirmondo\/wp-json\/wp\/v2\/posts\/1405\/revisions\/1408"}],"wp:featuredmedia":[{"embeddable":true,"href":"https:\/\/www.csepelivaroskep.hu\/hirmondo\/wp-json\/wp\/v2\/media\/1406"}],"wp:attachment":[{"href":"https:\/\/www.csepelivaroskep.hu\/hirmondo\/wp-json\/wp\/v2\/media?parent=1405"}],"wp:term":[{"taxonomy":"category","embeddable":true,"href":"https:\/\/www.csepelivaroskep.hu\/hirmondo\/wp-json\/wp\/v2\/categories?post=1405"},{"taxonomy":"post_tag","embeddable":true,"href":"https:\/\/www.csepelivaroskep.hu\/hirmondo\/wp-json\/wp\/v2\/tags?post=1405"}],"curies":[{"name":"wp","href":"https:\/\/api.w.org\/{rel}","templated":true}]}}