{"id":1422,"date":"2019-07-31T10:03:19","date_gmt":"2019-07-31T10:03:19","guid":{"rendered":"http:\/\/www.csepelivaroskep.hu\/hirmondo\/?p=1422"},"modified":"2019-07-31T10:03:19","modified_gmt":"2019-07-31T10:03:19","slug":"csepeli-hirmondo-x-20-szam","status":"publish","type":"post","link":"https:\/\/www.csepelivaroskep.hu\/hirmondo\/2019\/07\/31\/csepeli-hirmondo-x-20-szam\/","title":{"rendered":"Csepeli H\u00edrmond\u00f3 X.\/20.sz\u00e1m"},"content":{"rendered":"\n<p>Megjelent a Csepeli H\u00edrmond\u00f3 legfrissebb sz\u00e1ma. A tartalomb\u00f3l: Eg\u00e9szs\u00e9g\u00fcgyi sz\u0171r\u00e9sek, K\u00e9sz\u00fclnek az utak, Vill\u00e1mcsap\u00e1s \u00e9s \u00e9letment\u00e9s a strandon, R\u00e1k\u00f3czi Kert: l\u00e1tv\u00e1nyos j\u00e1t\u00e9kok rengeteg l\u00e1togat\u00f3? h\u00edrek a csepeli iskol\u00e1kb\u00f3l, Mit f\u0151zz\u00fcnk a gyerekeknek?, Csepel \u00c1ruh\u00e1z, Id\u0151seket k\u00f6sz\u00f6nt\u00f6ttek, Atl\u00e9t\u00e1k Gy\u0151rben,Csepeliek sikere a haj\u00f3modellek vil\u00e1gbajnoks\u00e1g\u00e1n, ker\u00fcleti programok, rejtv\u00e9ny. Az \u00fajs\u00e1g legk\u00f6zelebb egy h\u00e9t m\u00falva, augusztus 7-\u00e9n jelenik meg.<\/p>\n\n\n<a href=\"https:\/\/www.csepelivaroskep.hu\/hirmondo\/wp-content\/uploads\/sites\/7\/2019\/07\/CSH_206.pdf\" class=\"pdfemb-viewer\" style=\"\" data-width=\"max\" data-height=\"max\" data-mobile-width=\"0\"  data-scrollbar=\"none\" data-download=\"on\" data-tracking=\"on\" data-newwindow=\"on\" data-pagetextbox=\"off\" data-scrolltotop=\"off\" data-startzoom=\"100\" data-startfpzoom=\"100\" data-toolbar=\"both\" data-toolbar-fixed=\"on\">CSH_206<br\/><\/a>\n<p class=\"wp-block-pdfemb-pdf-embedder-viewer\"><\/p>\n","protected":false},"excerpt":{"rendered":"<p>Megjelent a Csepeli H\u00edrmond\u00f3 legfrissebb sz\u00e1ma. A tartalomb\u00f3l: Eg\u00e9szs\u00e9g\u00fcgyi sz\u0171r\u00e9sek, K\u00e9sz\u00fclnek az utak, Vill\u00e1mcsap\u00e1s \u00e9s \u00e9letment\u00e9s a strandon, R\u00e1k\u00f3czi Kert: l\u00e1tv\u00e1nyos j\u00e1t\u00e9kok rengeteg l\u00e1togat\u00f3? h\u00edrek a csepeli iskol\u00e1kb\u00f3l, Mit f\u0151zz\u00fcnk a gyerekeknek?, Csepel \u00c1ruh\u00e1z, Id\u0151seket k\u00f6sz\u00f6nt\u00f6ttek, Atl\u00e9t\u00e1k Gy\u0151rben,Csepeliek sikere a haj\u00f3modellek vil\u00e1gbajnoks\u00e1g\u00e1n, ker\u00fcleti programok, rejtv\u00e9ny. Az \u00fajs\u00e1g legk\u00f6zelebb egy h\u00e9t m\u00falva, augusztus 7-\u00e9n jelenik meg.<\/p>\n","protected":false},"author":8,"featured_media":1423,"comment_status":"open","ping_status":"open","sticky":false,"template":"","format":"standard","meta":[],"categories":[9,12],"tags":[],"acf":[],"_links":{"self":[{"href":"https:\/\/www.csepelivaroskep.hu\/hirmondo\/wp-json\/wp\/v2\/posts\/1422"}],"collection":[{"href":"https:\/\/www.csepelivaroskep.hu\/hirmondo\/wp-json\/wp\/v2\/posts"}],"about":[{"href":"https:\/\/www.csepelivaroskep.hu\/hirmondo\/wp-json\/wp\/v2\/types\/post"}],"author":[{"embeddable":true,"href":"https:\/\/www.csepelivaroskep.hu\/hirmondo\/wp-json\/wp\/v2\/users\/8"}],"replies":[{"embeddable":true,"href":"https:\/\/www.csepelivaroskep.hu\/hirmondo\/wp-json\/wp\/v2\/comments?post=1422"}],"version-history":[{"count":1,"href":"https:\/\/www.csepelivaroskep.hu\/hirmondo\/wp-json\/wp\/v2\/posts\/1422\/revisions"}],"predecessor-version":[{"id":1424,"href":"https:\/\/www.csepelivaroskep.hu\/hirmondo\/wp-json\/wp\/v2\/posts\/1422\/revisions\/1424"}],"wp:featuredmedia":[{"embeddable":true,"href":"https:\/\/www.csepelivaroskep.hu\/hirmondo\/wp-json\/wp\/v2\/media\/1423"}],"wp:attachment":[{"href":"https:\/\/www.csepelivaroskep.hu\/hirmondo\/wp-json\/wp\/v2\/media?parent=1422"}],"wp:term":[{"taxonomy":"category","embeddable":true,"href":"https:\/\/www.csepelivaroskep.hu\/hirmondo\/wp-json\/wp\/v2\/categories?post=1422"},{"taxonomy":"post_tag","embeddable":true,"href":"https:\/\/www.csepelivaroskep.hu\/hirmondo\/wp-json\/wp\/v2\/tags?post=1422"}],"curies":[{"name":"wp","href":"https:\/\/api.w.org\/{rel}","templated":true}]}}