{"id":1428,"date":"2019-07-31T10:29:49","date_gmt":"2019-07-31T10:29:49","guid":{"rendered":"http:\/\/www.csepelivaroskep.hu\/hirmondo\/?p=1428"},"modified":"2019-07-31T10:37:17","modified_gmt":"2019-07-31T10:37:17","slug":"csepeliek-sikere-a-hajomodellek-vilagbajnoksagan","status":"publish","type":"post","link":"https:\/\/www.csepelivaroskep.hu\/hirmondo\/2019\/07\/31\/csepeliek-sikere-a-hajomodellek-vilagbajnoksagan\/","title":{"rendered":"Csepeliek sikere a haj\u00f3modellek vil\u00e1gbajnoks\u00e1g\u00e1n"},"content":{"rendered":"\n<p>Egy magyar arany\u00e9remmel, k\u00e9t ez\u00fcst\u00e9remmel \u00e9s a\ncsepeliek helyt\u00e1ll\u00e1s\u00e1val \u00e9rt v\u00e9get az \u00e9leth\u0171, t\u00e1vir\u00e1ny\u00edt\u00e1s\u00fa haj\u00f3modellek\nvil\u00e1gbajnoks\u00e1ga a N\u00f3gr\u00e1d megyei B\u00e1nkon, a k\u00f6zs\u00e9g tav\u00e1n j\u00falius 23-\u00e1n. A g\u0151zg\u00e9ppel\nhajtott modellez\u0151k kateg\u00f3ri\u00e1j\u00e1ban a gyomaendr\u0151di Kiss Gerg\u0151 vil\u00e1gbajnok lett. Az\nesem\u00e9nyt a Weiss Manfr\u00e9d iskola modellez\u0151 szakoszt\u00e1lya szervezte, amely\nMagyarorsz\u00e1g legnagyobb \u00e9s legeredm\u00e9nyesebb haj\u00f3modellez\u0151 egyes\u00fclete. A\nvil\u00e1gbajnoks\u00e1g f\u0151v\u00e9dn\u00f6ke Benk\u0151 Tibor honv\u00e9delmi miniszter, v\u00e9dn\u00f6ke Vall\u00f3 P\u00e9ter,\na Budapesti Komplex Szakk\u00e9pz\u00e9si Centrum (BKSzC) kancell\u00e1rja. <\/p>\n\n\n\n<p>Guly\u00e1s J\u00f3zsef, a Weiss Manfr\u00e9d iskola szakmai igazgat\u00f3-helyettese,\negyben a vil\u00e1gbajnoks\u00e1g nemzetk\u00f6zi versenyb\u00edr\u00e1ja k\u00f6z\u00f6lte: a csepeli egyes\u00fclet\nm\u00e1sodik alkalommal rendezte meg a vil\u00e1gbajnoks\u00e1got, amelyre rekordsz\u00e1m\u00fa nevez\u00e9s\n\u00e9rkezett: 17 orsz\u00e1g 341 haj\u00f3ja versenyzett. A magyar v\u00e1logatottat tizen\u00f6ten\nk\u00e9pviselt\u00e9k, ebb\u0151l heten a csepeli szakoszt\u00e1lyb\u00f3l \u00e9rkeztek. A vil\u00e1gbajnoks\u00e1g\nlegfiatalabb versenyz\u0151je szint\u00e9n a csepeli szakoszt\u00e1ly tagja, a nyolc \u00e9s f\u00e9l\n\u00e9ves Doman Gerg\u0151, aki az ifj\u00fas\u00e1gi kateg\u00f3ri\u00e1ban ny\u00fajtott j\u00f3 teljes\u00edtm\u00e9nyt. A\ncsepeli modellez\u0151 szakoszt\u00e1ly legeredm\u00e9nyesebb versenyz\u0151je, egyben a v\u00e9b\u00e9\nszervez\u0151je Guly\u00e1s J\u00f3zsef nyolcadik helyez\u00e9st \u00e9rt el, F\u00fczi M\u00e1rton \u00e9s Guly\u00e1s\nP\u00e9ter a magyar csapat \u00e9lmez\u0151ny\u00e9hez tartoztak. Az orsz\u00e1gok rangsor\u00e1ban K\u00edna\nv\u00e9gzett az \u00e9len, m\u00e1sodik Oroszorsz\u00e1g, harmadik N\u00e9metorsz\u00e1g. \u0150ket k\u00f6vette m\u00e1s\norsz\u00e1gokkal egy\u00fctt Magyarorsz\u00e1g. Akik ezt a sportot \u0171zik, t\u00f6bb szakma mesterei\nis egyben, \u00e9s az ilyen fiatalok nevel\u00e9s\u00e9ben a BKSzC Weiss Manfr\u00e9d k\u00f6z\u00e9piskol\u00e1ja\n\u00e9lenj\u00e1r \u2013 mondta Guly\u00e1s J\u00f3zsef. <\/p>\n\n\n\n<p>A csepeliek szempontj\u00e1b\u00f3l az\u00e9rt is eml\u00e9kezetes a\nvil\u00e1gbajnoks\u00e1g, mert a Weiss Manfr\u00e9d iskola id\u00e9n \u00fcnnepli 70. sz\u00fclet\u00e9snapj\u00e1t, a\nmodellez\u0151 szakoszt\u00e1lya pedig szint\u00e9n hetven esztendeje m\u0171k\u00f6dik. Kor\u00e1bban rep\u00fcl\u0151\nmodellez\u00e9ssel foglalkoztak, a haj\u00f3z\u00f3 tev\u00e9kenys\u00e9g h\u00fasz \u00e9ve kezd\u0151d\u00f6tt. <\/p>\n\n\n\n<p>Az els\u0151 \u00e9leth\u0171 haj\u00f3modellek vil\u00e1gbajnoks\u00e1g\u00e1t 1979-ben\nrendezt\u00e9k, s az\u00f3ta egyre n\u00e9pszer\u0171bb a verseny. K\u00e9t f\u0151 kateg\u00f3ri\u00e1ban versengenek\naz indul\u00f3k: az egyikben a saj\u00e1t \u00e9p\u00edt\u00e9s\u0171 \u00e9leth\u0171 modelleket mutatj\u00e1k be, a\nm\u00e1sikban egy gy\u00e1rt\u00f3 c\u00e9g term\u00e9k\u00e9b\u0151l \u00f6ssze\u00e1ll\u00edtott hajmodellt \u00e1ll\u00edtanak ki. A\nzs\u0171ri el\u0151sz\u00f6r azt vizsg\u00e1lja, hogy az egykor l\u00e9tez\u0151 haj\u00f3k m\u00e1solatai mennyire\nhitelesek. Szemrev\u00e9telezik a kivitelez\u00e9s min\u0151s\u00e9g\u00e9t, a korh\u0171s\u00e9get, fest\u00e9s\u00e9t,\negy\u00e9b r\u00e9szleteit. Ezt k\u00f6vet\u0151en egy kijel\u00f6lt p\u00e1ly\u00e1n t\u00e1vir\u00e1ny\u00edt\u00e1ssal kell\nv\u00e9gigvezetni a haj\u00f3t, mik\u00f6zben a versenyb\u00edr\u00e1k pontozz\u00e1k a teljes\u00edtm\u00e9nyt. A\nversenyz\u0151k k\u00fcl\u00f6nf\u00e9le jeleneteket eleven\u00edthettek fel: p\u00e9ld\u00e1ul tengeri csat\u00e1kat,\na normandiai partrasz\u00e1ll\u00e1st, els\u00fcllyedt haj\u00f3k ment\u00e9s\u00e9t, egy tanker kik\u00f6t\u00e9s\u00e9t\nvontat\u00f3haj\u00f3val. A jelenetek bemutat\u00e1s\u00e1ra 15 perc \u00e1llt rendelkez\u00e9sre. &nbsp;&nbsp;&nbsp;<\/p>\n\n\n\n<p>A vil\u00e1gbajnoks\u00e1got t\u00f6bb kateg\u00f3ri\u00e1ban rendezt\u00e9k meg\naszerint is, hogy a haj\u00f3k milyen t\u00edpus\u00faak, illetve mif\u00e9le meghajt\u00e1ssal\nm\u0171k\u00f6dnek.&nbsp; <\/p>\n\n\n\n<p>Cs. A. <\/p>\n\n\n\n<figure class=\"wp-block-image\"><img loading=\"lazy\" width=\"1024\" height=\"683\" src=\"http:\/\/www.csepelivaroskep.hu\/hirmondo\/wp-content\/uploads\/sites\/7\/2019\/07\/1DSC_0375-1024x683.jpg\" alt=\"\" class=\"wp-image-1432\" srcset=\"https:\/\/www.csepelivaroskep.hu\/hirmondo\/wp-content\/uploads\/sites\/7\/2019\/07\/1DSC_0375-1024x683.jpg 1024w, https:\/\/www.csepelivaroskep.hu\/hirmondo\/wp-content\/uploads\/sites\/7\/2019\/07\/1DSC_0375-300x200.jpg 300w, https:\/\/www.csepelivaroskep.hu\/hirmondo\/wp-content\/uploads\/sites\/7\/2019\/07\/1DSC_0375-768x512.jpg 768w\" sizes=\"(max-width: 1024px) 100vw, 1024px\" \/><\/figure>\n","protected":false},"excerpt":{"rendered":"<p>Egy magyar arany\u00e9remmel, k\u00e9t ez\u00fcst\u00e9remmel \u00e9s a csepeliek helyt\u00e1ll\u00e1s\u00e1val \u00e9rt v\u00e9get az \u00e9leth\u0171, t\u00e1vir\u00e1ny\u00edt\u00e1s\u00fa haj\u00f3modellek vil\u00e1gbajnoks\u00e1ga a N\u00f3gr\u00e1d megyei B\u00e1nkon, a k\u00f6zs\u00e9g tav\u00e1n j\u00falius 23-\u00e1n. A g\u0151zg\u00e9ppel hajtott modellez\u0151k kateg\u00f3ri\u00e1j\u00e1ban a gyomaendr\u0151di Kiss Gerg\u0151 vil\u00e1gbajnok lett. Az esem\u00e9nyt a Weiss Manfr\u00e9d iskola modellez\u0151 szakoszt\u00e1lya szervezte, amely Magyarorsz\u00e1g legnagyobb \u00e9s legeredm\u00e9nyesebb haj\u00f3modellez\u0151 egyes\u00fclete. A vil\u00e1gbajnoks\u00e1g f\u0151v\u00e9dn\u00f6ke [&hellip;]<\/p>\n","protected":false},"author":8,"featured_media":1432,"comment_status":"open","ping_status":"open","sticky":false,"template":"","format":"standard","meta":[],"categories":[7],"tags":[],"acf":[],"_links":{"self":[{"href":"https:\/\/www.csepelivaroskep.hu\/hirmondo\/wp-json\/wp\/v2\/posts\/1428"}],"collection":[{"href":"https:\/\/www.csepelivaroskep.hu\/hirmondo\/wp-json\/wp\/v2\/posts"}],"about":[{"href":"https:\/\/www.csepelivaroskep.hu\/hirmondo\/wp-json\/wp\/v2\/types\/post"}],"author":[{"embeddable":true,"href":"https:\/\/www.csepelivaroskep.hu\/hirmondo\/wp-json\/wp\/v2\/users\/8"}],"replies":[{"embeddable":true,"href":"https:\/\/www.csepelivaroskep.hu\/hirmondo\/wp-json\/wp\/v2\/comments?post=1428"}],"version-history":[{"count":3,"href":"https:\/\/www.csepelivaroskep.hu\/hirmondo\/wp-json\/wp\/v2\/posts\/1428\/revisions"}],"predecessor-version":[{"id":1433,"href":"https:\/\/www.csepelivaroskep.hu\/hirmondo\/wp-json\/wp\/v2\/posts\/1428\/revisions\/1433"}],"wp:featuredmedia":[{"embeddable":true,"href":"https:\/\/www.csepelivaroskep.hu\/hirmondo\/wp-json\/wp\/v2\/media\/1432"}],"wp:attachment":[{"href":"https:\/\/www.csepelivaroskep.hu\/hirmondo\/wp-json\/wp\/v2\/media?parent=1428"}],"wp:term":[{"taxonomy":"category","embeddable":true,"href":"https:\/\/www.csepelivaroskep.hu\/hirmondo\/wp-json\/wp\/v2\/categories?post=1428"},{"taxonomy":"post_tag","embeddable":true,"href":"https:\/\/www.csepelivaroskep.hu\/hirmondo\/wp-json\/wp\/v2\/tags?post=1428"}],"curies":[{"name":"wp","href":"https:\/\/api.w.org\/{rel}","templated":true}]}}