{"id":1452,"date":"2019-08-05T08:18:00","date_gmt":"2019-08-05T08:18:00","guid":{"rendered":"http:\/\/www.csepelivaroskep.hu\/hirmondo\/?p=1452"},"modified":"2019-08-05T08:18:00","modified_gmt":"2019-08-05T08:18:00","slug":"csepeli-sikerek-a-kenusok-maratoni-europa-bajnoksagan","status":"publish","type":"post","link":"https:\/\/www.csepelivaroskep.hu\/hirmondo\/2019\/08\/05\/csepeli-sikerek-a-kenusok-maratoni-europa-bajnoksagan\/","title":{"rendered":"Csepeli sikerek a kenusok maratoni Eur\u00f3pa-bajnoks\u00e1g\u00e1n"},"content":{"rendered":"\n<p><\/p>\n\n\n\n<p>Az orsz\u00e1gok verseny\u00e9ben az \u00e9remt\u00e1bl\u00e1zat \u00e9l\u00e9n v\u00e9gzett a magyar kajak-kenu v\u00e1logatott a j\u00falius v\u00e9g\u00e9n megrendezett maratoni Eur\u00f3pa-bajnoks\u00e1gon a franciaorsz\u00e1gi Decize-ben: kilenc arany-, hat ez\u00fcst- \u00e9s nyolc bronz\u00e9rmet szerezett. K\u00e9t csepeli versenyz\u0151 is a legjobbak k\u00f6z\u00f6tt szerepelt: a juniorokn\u00e1l B\u00e9kesi Boldizs\u00e1r a p\u00e1ros kenu maratonon els\u0151 lett, m\u00edg D\u00f3cz\u00e9 \u00c1d\u00e1m a feln\u0151ttek p\u00e1ros verseny\u00e9ben a m\u00e1sodik helyen fejezte be a versenyt \u2013 t\u00e1j\u00e9koztatta lapunkat Ludasi R\u00f3bert, a Csepeli Kajak-Kenu Egyes\u00fclet eln\u00f6ke \u00e9s edz\u0151je. Az esem\u00e9nyhez kapcsol\u00f3dik az a h\u00edr is, hogy j\u00f6v\u0151re a soroks\u00e1ri Kis-Dun\u00e1n rendezik meg a maratoni versenyt, ahol nemzetk\u00f6zi sz\u00ednvonal\u00fa p\u00e1ly\u00e1t alak\u00edtanak majd ki. A terveket a csepeli \u00f6nkorm\u00e1nyzat is t\u00e1mogatja.\u00a0 <\/p>\n\n\n\n<p>A fiatal B\u00e9kesi Boldizs\u00e1r el\u0151tt m\u00e9g nagy j\u00f6v\u0151 \u00e1ll, D\u00f3cz\u00e9\n\u00c1d\u00e1m kor\u00e1bban m\u00e1r n\u00e9gyszer lett vil\u00e1gbajnok a maratoni kenuz\u00e1sban. J\u00f6v\u0151re m\u00e1r\nhazai p\u00e1ly\u00e1n bizony\u00edthatj\u00e1k, hogy k\u00e9pesek \u00fajabb sikerek el\u00e9r\u00e9s\u00e9re. A k\u00f6vetkez\u0151 maratoni Eur\u00f3pa-bajnoks\u00e1got 2020-ban egy\nvadonat\u00faj p\u00e1ly\u00e1n, a soroks\u00e1ri-r\u00e1ckevei Duna-\u00e1gban, k\u00f6zel a Gubacsi-h\u00eddhoz, a\ncsepeli oldalon rendezik meg.<\/p>\n\n\n\n<p>Schmidt\nG\u00e1bor, a Magyar Kajak-Kenu Sz\u00f6vets\u00e9g (MKKSZ) eln\u00f6ke a k\u00f6z\u00f6ss\u00e9gi oldalukon\ntudatta: \u201cA maratoni szak\u00e1gunk hossz\u00fa \u00e9vek \u00f3ta sikeres, els\u0151sorban a v\u00e1logatott\nkimagasl\u00f3 eredm\u00e9nyeinek k\u00f6sz\u00f6nhet\u0151, hogy Budapestre tudtuk hozni ezt az\nesem\u00e9nyt. B\u00e1r \u00e9vtizedek \u00f3ta a kajak-kenu sport\u00e1g els\u0151 sz\u00e1m\u00fa otthona Szeged \u00e9s a\nmaty-\u00e9ri p\u00e1lya, m\u00e9gis nagyon fontos nek\u00fcnk, hogy a f\u0151v\u00e1rosban is megjelenj\u00fcnk.\n\u00d6r\u00fcl\u00f6k annak, hogy a korm\u00e1ny t\u00e1mogat\u00e1s\u00e1val tervez\u00e9s alatt \u00e1ll a\nsoroks\u00e1ri-r\u00e1ckevei Duna-\u00e1gban egy evez\u0151s \u00e9s gyorsas\u00e1gi kajak-kenu p\u00e1lya \u00e9s\nzajlik az el\u0151k\u00e9sz\u00fclete egy szlalom p\u00e1lya megval\u00f3s\u00edt\u00e1s\u00e1nak is Csepel \u00e9szaki r\u00e9sz\u00e9n.\nMiel\u0151tt ezek a l\u00e9tes\u00edtm\u00e9nyek elk\u00e9sz\u00fclnek, szeretn\u00e9nk bevezet\u00e9sk\u00e9nt egy sikeres\nmaratoni versenyt rendezni 2020-ban&nbsp;a budapesti szurkol\u00f3knak. \u201d<\/p>\n\n\n\n<p>Az MKKSZ elk\u00e9pzel\u00e9s\u00e9t m\u00e1r a p\u00e1ly\u00e1zat beny\u00fajt\u00e1sakor t\u00e1mogatta a csepeli\n\u00f6nkorm\u00e1nyzat \u00e9s a ker\u00fclet polg\u00e1rmestere, Borb\u00e9ly L\u00e9n\u00e1rd is, aki akkor \u00edgy\nnyilatkozott: \u201eCsepelen \u00f3ri\u00e1si hagyom\u00e1nyai vannak a kajak-kenunak, az itt lak\u00f3k\n\u00e9vtizedek \u00f3ta ismerik \u00e9s k\u00f6vetik a sport\u00e1gat. A ker\u00fclet sz\u00edneiben lett\nk\u00e9tszeres olimpiai bajnok Kolonics Gy\u00f6rgy is, ez\u00e9rt \u00fagy gondolom, nem lehetne\njobb helysz\u00ednt tal\u00e1lni az Eur\u00f3pa-bajnoks\u00e1gnak, mint a kenus legend\u00e1r\u00f3l\nelnevezett, fel\u00faj\u00edtott s\u00e9t\u00e1ny.\u201d <\/p>\n\n\n\n<p>Cs. A. <\/p>\n\n\n\n<figure class=\"wp-block-image\"><img loading=\"lazy\" width=\"1024\" height=\"682\" src=\"http:\/\/www.csepelivaroskep.hu\/hirmondo\/wp-content\/uploads\/sites\/7\/2019\/08\/VTF_5199-1024x682.jpg\" alt=\"\" class=\"wp-image-1453\" srcset=\"https:\/\/www.csepelivaroskep.hu\/hirmondo\/wp-content\/uploads\/sites\/7\/2019\/08\/VTF_5199-1024x682.jpg 1024w, https:\/\/www.csepelivaroskep.hu\/hirmondo\/wp-content\/uploads\/sites\/7\/2019\/08\/VTF_5199-300x200.jpg 300w, https:\/\/www.csepelivaroskep.hu\/hirmondo\/wp-content\/uploads\/sites\/7\/2019\/08\/VTF_5199-768x512.jpg 768w, https:\/\/www.csepelivaroskep.hu\/hirmondo\/wp-content\/uploads\/sites\/7\/2019\/08\/VTF_5199.jpg 1196w\" sizes=\"(max-width: 1024px) 100vw, 1024px\" \/><\/figure>\n","protected":false},"excerpt":{"rendered":"<p>Az orsz\u00e1gok verseny\u00e9ben az \u00e9remt\u00e1bl\u00e1zat \u00e9l\u00e9n v\u00e9gzett a magyar kajak-kenu v\u00e1logatott a j\u00falius v\u00e9g\u00e9n megrendezett maratoni Eur\u00f3pa-bajnoks\u00e1gon a franciaorsz\u00e1gi Decize-ben: kilenc arany-, hat ez\u00fcst- \u00e9s nyolc bronz\u00e9rmet szerezett. K\u00e9t csepeli versenyz\u0151 is a legjobbak k\u00f6z\u00f6tt szerepelt: a juniorokn\u00e1l B\u00e9kesi Boldizs\u00e1r a p\u00e1ros kenu maratonon els\u0151 lett, m\u00edg D\u00f3cz\u00e9 \u00c1d\u00e1m a feln\u0151ttek p\u00e1ros verseny\u00e9ben a m\u00e1sodik [&hellip;]<\/p>\n","protected":false},"author":8,"featured_media":1453,"comment_status":"open","ping_status":"open","sticky":false,"template":"","format":"standard","meta":[],"categories":[7],"tags":[],"acf":[],"_links":{"self":[{"href":"https:\/\/www.csepelivaroskep.hu\/hirmondo\/wp-json\/wp\/v2\/posts\/1452"}],"collection":[{"href":"https:\/\/www.csepelivaroskep.hu\/hirmondo\/wp-json\/wp\/v2\/posts"}],"about":[{"href":"https:\/\/www.csepelivaroskep.hu\/hirmondo\/wp-json\/wp\/v2\/types\/post"}],"author":[{"embeddable":true,"href":"https:\/\/www.csepelivaroskep.hu\/hirmondo\/wp-json\/wp\/v2\/users\/8"}],"replies":[{"embeddable":true,"href":"https:\/\/www.csepelivaroskep.hu\/hirmondo\/wp-json\/wp\/v2\/comments?post=1452"}],"version-history":[{"count":1,"href":"https:\/\/www.csepelivaroskep.hu\/hirmondo\/wp-json\/wp\/v2\/posts\/1452\/revisions"}],"predecessor-version":[{"id":1454,"href":"https:\/\/www.csepelivaroskep.hu\/hirmondo\/wp-json\/wp\/v2\/posts\/1452\/revisions\/1454"}],"wp:featuredmedia":[{"embeddable":true,"href":"https:\/\/www.csepelivaroskep.hu\/hirmondo\/wp-json\/wp\/v2\/media\/1453"}],"wp:attachment":[{"href":"https:\/\/www.csepelivaroskep.hu\/hirmondo\/wp-json\/wp\/v2\/media?parent=1452"}],"wp:term":[{"taxonomy":"category","embeddable":true,"href":"https:\/\/www.csepelivaroskep.hu\/hirmondo\/wp-json\/wp\/v2\/categories?post=1452"},{"taxonomy":"post_tag","embeddable":true,"href":"https:\/\/www.csepelivaroskep.hu\/hirmondo\/wp-json\/wp\/v2\/tags?post=1452"}],"curies":[{"name":"wp","href":"https:\/\/api.w.org\/{rel}","templated":true}]}}