{"id":1455,"date":"2019-08-05T08:25:07","date_gmt":"2019-08-05T08:25:07","guid":{"rendered":"http:\/\/www.csepelivaroskep.hu\/hirmondo\/?p=1455"},"modified":"2019-08-05T08:25:07","modified_gmt":"2019-08-05T08:25:07","slug":"ujra-vilaghiru-lenne-a-csepeli-ottusa","status":"publish","type":"post","link":"https:\/\/www.csepelivaroskep.hu\/hirmondo\/2019\/08\/05\/ujra-vilaghiru-lenne-a-csepeli-ottusa\/","title":{"rendered":"\u00dajra vil\u00e1gh\u00edr\u0171 lenne a csepeli \u00f6ttusa"},"content":{"rendered":"\n<p>Amikor\ntavaly decemberben \u00e1tadt\u00e1k az \u00f6ttus\u00e1z\u00f3k fel\u00faj\u00edtott tornaterm\u00e9t a Csepeli strand\nter\u00fclet\u00e9n, Balcz\u00f3 Andr\u00e1s nosztalgi\u00e1val id\u00e9zte fel a hatvanas \u00e9veket: itt, a\nKis-Duna partj\u00e1n r\u00f3tta a fut\u00f3k\u00f6r\u00f6ket, m\u00e1skor v\u00e9giglovagolt a Kir\u00e1lyerd\u0151 \u00fatig \u00e9s\nvissza. Itt alapozta meg azt, hogy k\u00e9s\u0151bb t\u00f6bbsz\u00f6r\u00f6s olimpiai \u00e9s vil\u00e1gbajnok\nlegyen. Ez a tornacsarnok \u00e9s k\u00f6rnyezete most a Csepeli \u00d6ttusa \u00e9s Vizisport Egyes\u00fclet\nb\u00e1zisa, ahol a fiatal csepeli \u00f6ttus\u00e1z\u00f3k v\u00edvhatnak, l\u0151hetnek, \u00faszhatnak \u00e9s\nfuthatnak. Csak a lovas edz\u00e9sekre kell Pestre utazniuk, a Nemzeti Lovard\u00e1ba. A\nfiatal sportol\u00f3k c\u00e9lja pedig az, hogy \u00fajra vil\u00e1gh\u00edr\u0171v\u00e9 tegy\u00e9k a csepeli \u00f6ttus\u00e1t\n\u2013 mondja Pataki Zolt\u00e1n, a Csepeli \u00d6ttusa \u00e9s Vizisport Egyes\u00fclet\neln\u00f6ke. <\/p>\n\n\n\n<p>Nem kis c\u00e9lt t\u0171ztek ki, hiszen az el\u0151d\u00f6k k\u00f6z\u00f6tt csupa olimpiai \u00e9s\nvil\u00e1gbajnok neve szerepel. A teljess\u00e9g ig\u00e9nye n\u00e9lk\u00fcl n\u00e9h\u00e1ny n\u00e9v: Balcz\u00f3 Andr\u00e1s,\nVill\u00e1nyi Zsigmond, N\u00e9meth Ferenc, Maracsk\u00f3 Tibor, Martinek J\u00e1nos, Hanz\u00e9ly \u00c1kos,\nS\u00e1rfalvi B\u00e9la \u00e9s fia, S\u00e1rfalvi P\u00e9ter, Benedek Ferenc edz\u0151, valamint az els\u0151 n\u0151i\n\u00f6ttusa bajnok, Emh\u0151 R\u00e9ka. Az \u00faj tornatermet is az egyik nagy p\u00e9ldak\u00e9pr\u0151l, a\nkit\u0171n\u0151 edz\u0151r\u0151l, S\u00e1rfalvi B\u00e9l\u00e1r\u00f3l nevezt\u00e9k el. &nbsp;<\/p>\n\n\n\n<p>Az egyes\u00fclet\n2003-ban alakult meg \u00fajra. Jelenleg mintegy hetven di\u00e1k \u00e9s junior kor\u00fa fiatal\nsportol itt. A 22 \u00e9ves Simon Sarolta az egyed\u00fcli feln\u0151tt, aki a junior Pataki\nBal\u00e1zzsal egy\u00fctt a magyar v\u00e1logatott kerettagja. Minden nap van edz\u00e9s, de\nkoroszt\u00e1lyonk\u00e9nt v\u00e1ltoz\u00f3 m\u00e9rt\u00e9kben. A legfiatalabbak m\u00e9g csak k\u00e9t tus\u00e1ban\ntr\u00e9ningeznek: \u00fasznak \u00e9s futnak. A c\u00e9l eset\u00fckben eleve az, hogy min\u00e9l t\u00f6bben\nmegtanuljanak \u00faszni. Tizen\u00f6t \u00e9ves kort\u00f3l b\u0151v\u00fcl a v\u00e1laszt\u00e9k: m\u00e1r l\u0151hetnek,\nk\u00e9s\u0151bb v\u00edvhatnak is. A juniorok lovagolhatnak is. \u201eAz\u00e9rt szeretik a gyerekek az\n\u00f6ttus\u00e1t, mert t\u00f6bb sport\u00e1gban kipr\u00f3b\u00e1lhatj\u00e1k magukat. Ha egyikben nem olyan\nj\u00f3k, m\u00e1sban sikeresek lehetnek, v\u00e9geredm\u00e9nyben pedig az \u00f6sszetett eredm\u00e9ny\nsz\u00e1m\u00edt\u201d \u2013 magyar\u00e1zza Pataki Zolt\u00e1n.&nbsp;&nbsp; &nbsp;&nbsp;<\/p>\n\n\n\n<p>Reggel 6\n\u00f3r\u00e1t\u00f3l kezd\u0151dik az \u00fasz\u00e1s a Csepeli strand \u00fasz\u00f3medenc\u00e9j\u00e9ben, d\u00e9lut\u00e1n pedig j\u00f6het\na fut\u00e1s \u00e9s a l\u00f6v\u00e9szet. A Kis-Duna partj\u00e1n futnak fel a Daru-dombig vagy lefel\u00e9\na komp ir\u00e1ny\u00e1ban. A csarnokban tizenk\u00e9t l\u0151\u00e1ll\u00e1s van, \u00e9s laser fegyverekkel\nl\u0151nek. V\u00edv\u00f3 tr\u00e9ningeket hetente k\u00e9tszer-h\u00e1romszor rendeznek a tornaterem nyolc\np\u00e1stj\u00e1n. Lovas edz\u00e9seket hetente k\u00e9tszer tartanak a feln\u0151tteknek, egyszer a\nkisebbeknek. <\/p>\n\n\n\n<p>Pataki\nBal\u00e1zs, aki az egyes\u00fcleti eln\u00f6k legid\u0151sebb fia, az egyik legeredm\u00e9nyesebb\nversenyz\u0151. Id\u00e9n a junior orsz\u00e1gos bajnoks\u00e1gon \u00f6t\u00f6dik, az Eur\u00f3pa-bajnoks\u00e1gon\npedig a vegyes v\u00e1lt\u00f3ban hatodik lett. Az \u00fajdons\u00e1gnak sz\u00e1m\u00edt\u00f3 vegyes v\u00e1lt\u00f3t egy\nf\u00e9rfi \u00e9s egy n\u0151 r\u00e9szv\u00e9tel\u00e9vel rendezik, akik p\u00e1rban, felv\u00e1ltva teljes\u00edtik a\nfeladatokat. Tervezik, hogy a sz\u00e1mot felvegy\u00e9k az olimpia sport\u00e1gai k\u00f6z\u00e9. Simon\nSarolta nyolc \u00e9ve sportol Csepelen. Az elm\u00falt \u00e9vekben n\u00e9gyszer nyerte el az \u00e9v\ncsepeli \u00f6ttus\u00e1z\u00f3ja c\u00edmet, 2017-ben Kolonics Gy\u00f6rgy Sport\u00e9rdem\u00e9remmel t\u00fcntett\u00e9k\nki. Id\u00e9n negyedik lett a feln\u0151ttek orsz\u00e1gos bajnoks\u00e1g\u00e1n, k\u00e9t \u00e9ve juniork\u00e9nt\nez\u00fcst\u00e9rmes volt az ut\u00e1np\u00f3tl\u00e1s Eur\u00f3pa-bajnoks\u00e1gon egy\u00e9niben, csapatban \u00e9s vegyes\nv\u00e1lt\u00f3ban pedig arany\u00e9rmet szerzett. Kor\u00e1bban Eur\u00f3pa-bajnok volt n\u0151i v\u00e1lt\u00f3ban.\nNagy feladat el\u0151tt \u00e1ll most, mert augusztusban rendezik meg a feln\u0151tt\nEur\u00f3pa-bajnoks\u00e1got Angli\u00e1ban, ahol a vegyes v\u00e1lt\u00f3ban dobog\u00f3s helyet rem\u00e9lnek\nt\u0151le. Szeptemberben pedig Budapesten szurkolhatunk neki az \u00f6ttusa vil\u00e1gbajnoks\u00e1gon.<\/p>\n\n\n\n<p>Cs. A.<\/p>\n\n\n\n<figure class=\"wp-block-image\"><img loading=\"lazy\" width=\"1024\" height=\"784\" src=\"http:\/\/www.csepelivaroskep.hu\/hirmondo\/wp-content\/uploads\/sites\/7\/2019\/08\/IMG_E3372-1024x784.jpg\" alt=\"\" class=\"wp-image-1456\" srcset=\"https:\/\/www.csepelivaroskep.hu\/hirmondo\/wp-content\/uploads\/sites\/7\/2019\/08\/IMG_E3372-1024x784.jpg 1024w, https:\/\/www.csepelivaroskep.hu\/hirmondo\/wp-content\/uploads\/sites\/7\/2019\/08\/IMG_E3372-300x230.jpg 300w, https:\/\/www.csepelivaroskep.hu\/hirmondo\/wp-content\/uploads\/sites\/7\/2019\/08\/IMG_E3372-768x588.jpg 768w\" sizes=\"(max-width: 1024px) 100vw, 1024px\" \/><\/figure>\n","protected":false},"excerpt":{"rendered":"<p>Amikor tavaly decemberben \u00e1tadt\u00e1k az \u00f6ttus\u00e1z\u00f3k fel\u00faj\u00edtott tornaterm\u00e9t a Csepeli strand ter\u00fclet\u00e9n, Balcz\u00f3 Andr\u00e1s nosztalgi\u00e1val id\u00e9zte fel a hatvanas \u00e9veket: itt, a Kis-Duna partj\u00e1n r\u00f3tta a fut\u00f3k\u00f6r\u00f6ket, m\u00e1skor v\u00e9giglovagolt a Kir\u00e1lyerd\u0151 \u00fatig \u00e9s vissza. Itt alapozta meg azt, hogy k\u00e9s\u0151bb t\u00f6bbsz\u00f6r\u00f6s olimpiai \u00e9s vil\u00e1gbajnok legyen. Ez a tornacsarnok \u00e9s k\u00f6rnyezete most a Csepeli \u00d6ttusa \u00e9s [&hellip;]<\/p>\n","protected":false},"author":8,"featured_media":1456,"comment_status":"open","ping_status":"open","sticky":false,"template":"","format":"standard","meta":[],"categories":[7],"tags":[266],"acf":[],"_links":{"self":[{"href":"https:\/\/www.csepelivaroskep.hu\/hirmondo\/wp-json\/wp\/v2\/posts\/1455"}],"collection":[{"href":"https:\/\/www.csepelivaroskep.hu\/hirmondo\/wp-json\/wp\/v2\/posts"}],"about":[{"href":"https:\/\/www.csepelivaroskep.hu\/hirmondo\/wp-json\/wp\/v2\/types\/post"}],"author":[{"embeddable":true,"href":"https:\/\/www.csepelivaroskep.hu\/hirmondo\/wp-json\/wp\/v2\/users\/8"}],"replies":[{"embeddable":true,"href":"https:\/\/www.csepelivaroskep.hu\/hirmondo\/wp-json\/wp\/v2\/comments?post=1455"}],"version-history":[{"count":1,"href":"https:\/\/www.csepelivaroskep.hu\/hirmondo\/wp-json\/wp\/v2\/posts\/1455\/revisions"}],"predecessor-version":[{"id":1457,"href":"https:\/\/www.csepelivaroskep.hu\/hirmondo\/wp-json\/wp\/v2\/posts\/1455\/revisions\/1457"}],"wp:featuredmedia":[{"embeddable":true,"href":"https:\/\/www.csepelivaroskep.hu\/hirmondo\/wp-json\/wp\/v2\/media\/1456"}],"wp:attachment":[{"href":"https:\/\/www.csepelivaroskep.hu\/hirmondo\/wp-json\/wp\/v2\/media?parent=1455"}],"wp:term":[{"taxonomy":"category","embeddable":true,"href":"https:\/\/www.csepelivaroskep.hu\/hirmondo\/wp-json\/wp\/v2\/categories?post=1455"},{"taxonomy":"post_tag","embeddable":true,"href":"https:\/\/www.csepelivaroskep.hu\/hirmondo\/wp-json\/wp\/v2\/tags?post=1455"}],"curies":[{"name":"wp","href":"https:\/\/api.w.org\/{rel}","templated":true}]}}