{"id":1460,"date":"2019-08-07T05:57:44","date_gmt":"2019-08-07T05:57:44","guid":{"rendered":"http:\/\/www.csepelivaroskep.hu\/hirmondo\/?p=1460"},"modified":"2019-08-07T05:57:44","modified_gmt":"2019-08-07T05:57:44","slug":"csepeli-hirmondo-x-21-szam","status":"publish","type":"post","link":"https:\/\/www.csepelivaroskep.hu\/hirmondo\/2019\/08\/07\/csepeli-hirmondo-x-21-szam\/","title":{"rendered":"Csepeli H\u00edrmond\u00f3 X.\/21.sz\u00e1m"},"content":{"rendered":"\n<p>Megjelent a Csepeli H\u00edrmond\u00f3 leg\u00fajabb sz\u00e1ma. A tartalomb\u00f3l: Helyt\u00f6rt\u00e9neti t\u00e1bor Kir\u00e1lyerd\u0151ben, R\u00e1k\u00f3czi Kert: M\u00e1r elk\u00e9sz\u00fcltek az \u00faj parkol\u00f3k, Gy\u00e1r a szigeten, H\u00edrek a csepeli iskol\u00e1kb\u00f3l, Mi olykor mened\u00e9kk\u00e9nt m\u0171k\u00f6d\u00fcnk &#8211; besz\u00e9lget\u00e9s Gajd\u00f3csi N\u00f3r\u00e1val, Di\u00e1kok k\u00f6z\u00f6ss\u00e9gi szolg\u00e1latban, Mit olvassunk a ny\u00e1ron?, Vizicserk\u00e9szek Csepelen, \u00dajra vil\u00e1gh\u00edr\u0171 lenne a csepeli \u00f6ttusa, Siker a kenusok maratoni Eur\u00f3pa-bajnoks\u00e1g\u00e1n, Ig\u00e9ny a d\u00edszes k\u00e9z\u00edr\u00e1sra: a kalligr\u00e1fia a titka, rejtv\u00e9ny, ker\u00fcleti programok.<\/p>\n\n\n<a href=\"https:\/\/www.csepelivaroskep.hu\/hirmondo\/wp-content\/uploads\/sites\/7\/2019\/08\/CSH_207.pdf\" class=\"pdfemb-viewer\" style=\"\" data-width=\"max\" data-height=\"max\" data-mobile-width=\"0\"  data-scrollbar=\"none\" data-download=\"on\" data-tracking=\"on\" data-newwindow=\"on\" data-pagetextbox=\"off\" data-scrolltotop=\"off\" data-startzoom=\"100\" data-startfpzoom=\"100\" data-toolbar=\"both\" data-toolbar-fixed=\"on\">CSH_207<br\/><\/a>\n<p class=\"wp-block-pdfemb-pdf-embedder-viewer\"><\/p>\n\n\n\n<figure class=\"wp-block-image\"><img alt=\"\" \/><\/figure>\n\n\n<b>PDF Embedder requires a url attribute<\/b>","protected":false},"excerpt":{"rendered":"<p>Megjelent a Csepeli H\u00edrmond\u00f3 leg\u00fajabb sz\u00e1ma. A tartalomb\u00f3l: Helyt\u00f6rt\u00e9neti t\u00e1bor Kir\u00e1lyerd\u0151ben, R\u00e1k\u00f3czi Kert: M\u00e1r elk\u00e9sz\u00fcltek az \u00faj parkol\u00f3k, Gy\u00e1r a szigeten, H\u00edrek a csepeli iskol\u00e1kb\u00f3l, Mi olykor mened\u00e9kk\u00e9nt m\u0171k\u00f6d\u00fcnk &#8211; besz\u00e9lget\u00e9s Gajd\u00f3csi N\u00f3r\u00e1val, Di\u00e1kok k\u00f6z\u00f6ss\u00e9gi szolg\u00e1latban, Mit olvassunk a ny\u00e1ron?, Vizicserk\u00e9szek Csepelen, \u00dajra vil\u00e1gh\u00edr\u0171 lenne a csepeli \u00f6ttusa, Siker a kenusok maratoni Eur\u00f3pa-bajnoks\u00e1g\u00e1n, Ig\u00e9ny a [&hellip;]<\/p>\n","protected":false},"author":8,"featured_media":1461,"comment_status":"open","ping_status":"open","sticky":false,"template":"","format":"standard","meta":[],"categories":[9,12],"tags":[],"acf":[],"_links":{"self":[{"href":"https:\/\/www.csepelivaroskep.hu\/hirmondo\/wp-json\/wp\/v2\/posts\/1460"}],"collection":[{"href":"https:\/\/www.csepelivaroskep.hu\/hirmondo\/wp-json\/wp\/v2\/posts"}],"about":[{"href":"https:\/\/www.csepelivaroskep.hu\/hirmondo\/wp-json\/wp\/v2\/types\/post"}],"author":[{"embeddable":true,"href":"https:\/\/www.csepelivaroskep.hu\/hirmondo\/wp-json\/wp\/v2\/users\/8"}],"replies":[{"embeddable":true,"href":"https:\/\/www.csepelivaroskep.hu\/hirmondo\/wp-json\/wp\/v2\/comments?post=1460"}],"version-history":[{"count":1,"href":"https:\/\/www.csepelivaroskep.hu\/hirmondo\/wp-json\/wp\/v2\/posts\/1460\/revisions"}],"predecessor-version":[{"id":1462,"href":"https:\/\/www.csepelivaroskep.hu\/hirmondo\/wp-json\/wp\/v2\/posts\/1460\/revisions\/1462"}],"wp:featuredmedia":[{"embeddable":true,"href":"https:\/\/www.csepelivaroskep.hu\/hirmondo\/wp-json\/wp\/v2\/media\/1461"}],"wp:attachment":[{"href":"https:\/\/www.csepelivaroskep.hu\/hirmondo\/wp-json\/wp\/v2\/media?parent=1460"}],"wp:term":[{"taxonomy":"category","embeddable":true,"href":"https:\/\/www.csepelivaroskep.hu\/hirmondo\/wp-json\/wp\/v2\/categories?post=1460"},{"taxonomy":"post_tag","embeddable":true,"href":"https:\/\/www.csepelivaroskep.hu\/hirmondo\/wp-json\/wp\/v2\/tags?post=1460"}],"curies":[{"name":"wp","href":"https:\/\/api.w.org\/{rel}","templated":true}]}}