{"id":1491,"date":"2019-08-14T20:24:38","date_gmt":"2019-08-14T20:24:38","guid":{"rendered":"http:\/\/www.csepelivaroskep.hu\/hirmondo\/?p=1491"},"modified":"2019-08-14T20:25:29","modified_gmt":"2019-08-14T20:25:29","slug":"__trashed-2","status":"publish","type":"post","link":"https:\/\/www.csepelivaroskep.hu\/hirmondo\/2019\/08\/14\/__trashed-2\/","title":{"rendered":"Csepeli H\u00edrmond\u00f3 X.\/22.sz\u00e1m"},"content":{"rendered":"\n<p>Megjelent a Csepeli H\u00edrmond\u00f3 leg\u00fajabb sz\u00e1ma. A tartalomb\u00f3l: L\u00e1togat\u00f3ban a k\u00f6zter\u00fclet-fel\u00fcgyeletn\u00e9l, Ny\u00e1ron sem nyugszanak a vand\u00e1lok, T\u00e1mogat\u00e1s, j\u00f3t\u00e9konys\u00e1g, Piacok Csepelen, J\u00e1tsz\u00f3t\u00e9ri k\u00f6rk\u00e9p &#8211; 4. r\u00e9sz, Egy tev\u00e9keny tan\u00e1ri p\u00e1lya ut\u00e1n, Csepelen fontosak az id\u0151sek, O\u00e1zis a panelrengetegben, Lend\u00fclj bele, mozogj Csepelen!, Haszn\u00e1lt holmik olcs\u00f3n, \u00d6ttusat\u00e1bor a strandon, rejtv\u00e9ny, ker\u00fcleti programok. Legk\u00f6zelebbi sz\u00e1munk augusztus 22-\u00e9n jelenik meg.<\/p>\n\n\n<a href=\"https:\/\/www.csepelivaroskep.hu\/hirmondo\/wp-content\/uploads\/sites\/7\/2019\/08\/CSH_208.pdf\" class=\"pdfemb-viewer\" style=\"\" data-width=\"max\" data-height=\"max\" data-mobile-width=\"0\"  data-scrollbar=\"none\" data-download=\"on\" data-tracking=\"on\" data-newwindow=\"on\" data-pagetextbox=\"off\" data-scrolltotop=\"off\" data-startzoom=\"100\" data-startfpzoom=\"100\" data-toolbar=\"both\" data-toolbar-fixed=\"on\">CSH_208<br\/><\/a>\n<p class=\"wp-block-pdfemb-pdf-embedder-viewer\"><\/p>\n","protected":false},"excerpt":{"rendered":"<p>Megjelent a Csepeli H\u00edrmond\u00f3 leg\u00fajabb sz\u00e1ma. A tartalomb\u00f3l: L\u00e1togat\u00f3ban a k\u00f6zter\u00fclet-fel\u00fcgyeletn\u00e9l, Ny\u00e1ron sem nyugszanak a vand\u00e1lok, T\u00e1mogat\u00e1s, j\u00f3t\u00e9konys\u00e1g, Piacok Csepelen, J\u00e1tsz\u00f3t\u00e9ri k\u00f6rk\u00e9p &#8211; 4. r\u00e9sz, Egy tev\u00e9keny tan\u00e1ri p\u00e1lya ut\u00e1n, Csepelen fontosak az id\u0151sek, O\u00e1zis a panelrengetegben, Lend\u00fclj bele, mozogj Csepelen!, Haszn\u00e1lt holmik olcs\u00f3n, \u00d6ttusat\u00e1bor a strandon, rejtv\u00e9ny, ker\u00fcleti programok. Legk\u00f6zelebbi sz\u00e1munk augusztus 22-\u00e9n jelenik [&hellip;]<\/p>\n","protected":false},"author":8,"featured_media":1493,"comment_status":"open","ping_status":"open","sticky":false,"template":"","format":"standard","meta":[],"categories":[9,12],"tags":[],"acf":[],"_links":{"self":[{"href":"https:\/\/www.csepelivaroskep.hu\/hirmondo\/wp-json\/wp\/v2\/posts\/1491"}],"collection":[{"href":"https:\/\/www.csepelivaroskep.hu\/hirmondo\/wp-json\/wp\/v2\/posts"}],"about":[{"href":"https:\/\/www.csepelivaroskep.hu\/hirmondo\/wp-json\/wp\/v2\/types\/post"}],"author":[{"embeddable":true,"href":"https:\/\/www.csepelivaroskep.hu\/hirmondo\/wp-json\/wp\/v2\/users\/8"}],"replies":[{"embeddable":true,"href":"https:\/\/www.csepelivaroskep.hu\/hirmondo\/wp-json\/wp\/v2\/comments?post=1491"}],"version-history":[{"count":2,"href":"https:\/\/www.csepelivaroskep.hu\/hirmondo\/wp-json\/wp\/v2\/posts\/1491\/revisions"}],"predecessor-version":[{"id":1494,"href":"https:\/\/www.csepelivaroskep.hu\/hirmondo\/wp-json\/wp\/v2\/posts\/1491\/revisions\/1494"}],"wp:featuredmedia":[{"embeddable":true,"href":"https:\/\/www.csepelivaroskep.hu\/hirmondo\/wp-json\/wp\/v2\/media\/1493"}],"wp:attachment":[{"href":"https:\/\/www.csepelivaroskep.hu\/hirmondo\/wp-json\/wp\/v2\/media?parent=1491"}],"wp:term":[{"taxonomy":"category","embeddable":true,"href":"https:\/\/www.csepelivaroskep.hu\/hirmondo\/wp-json\/wp\/v2\/categories?post=1491"},{"taxonomy":"post_tag","embeddable":true,"href":"https:\/\/www.csepelivaroskep.hu\/hirmondo\/wp-json\/wp\/v2\/tags?post=1491"}],"curies":[{"name":"wp","href":"https:\/\/api.w.org\/{rel}","templated":true}]}}