{"id":1508,"date":"2019-08-22T11:02:06","date_gmt":"2019-08-22T11:02:06","guid":{"rendered":"http:\/\/www.csepelivaroskep.hu\/hirmondo\/?p=1508"},"modified":"2019-08-22T11:02:06","modified_gmt":"2019-08-22T11:02:06","slug":"csepeli-hirmondo-x-23-szam","status":"publish","type":"post","link":"https:\/\/www.csepelivaroskep.hu\/hirmondo\/2019\/08\/22\/csepeli-hirmondo-x-23-szam\/","title":{"rendered":"Csepeli H\u00edrmond\u00f3 X.\/23.sz\u00e1m"},"content":{"rendered":"\n<p>Megjelent a Csepeli H\u00edrmond\u00f3 leg\u00fajabb sz\u00e1ma. A tartalomb\u00f3l: \u00dcnnep \u00e9s koncert a Daru-dombon, Visszak\u00f6lt\u00f6ztek az orvosok a T\u00e1ncsics utcai rendel\u0151be, Bab\u00e1k \u00e9s mam\u00e1k, Szeptemberi csal\u00e1dt\u00e1mogat\u00e1sok, A csepeli gy\u00e1ros nyomdokain, \u00daj programok a Csepeli Nyugd\u00edjas K\u00f6z\u00f6ss\u00e9gi H\u00e1zban, H\u00edrek a csepeli iskol\u00e1kb\u00f3l, Mit f\u0151zz\u00fcnk a gyerekeknek?, H\u00e1rom nemzet t\u00e1ncosai a Szurkol\u00f3i Ar\u00e9n\u00e1ban, rejtv\u00e9ny, ker\u00fcleti programok. Legk\u00f6zelebbi sz\u00e1munk augusztus 28-\u00e1n jelenik meg.<\/p>\n\n\n<a href=\"https:\/\/www.csepelivaroskep.hu\/hirmondo\/wp-content\/uploads\/sites\/7\/2019\/08\/CSH_209.pdf\" class=\"pdfemb-viewer\" style=\"\" data-width=\"max\" data-height=\"max\" data-mobile-width=\"0\"  data-scrollbar=\"none\" data-download=\"on\" data-tracking=\"on\" data-newwindow=\"on\" data-pagetextbox=\"off\" data-scrolltotop=\"off\" data-startzoom=\"100\" data-startfpzoom=\"100\" data-toolbar=\"both\" data-toolbar-fixed=\"on\">CSH_209<br\/><\/a>\n<p class=\"wp-block-pdfemb-pdf-embedder-viewer\"><\/p>\n","protected":false},"excerpt":{"rendered":"<p>Megjelent a Csepeli H\u00edrmond\u00f3 leg\u00fajabb sz\u00e1ma. A tartalomb\u00f3l: \u00dcnnep \u00e9s koncert a Daru-dombon, Visszak\u00f6lt\u00f6ztek az orvosok a T\u00e1ncsics utcai rendel\u0151be, Bab\u00e1k \u00e9s mam\u00e1k, Szeptemberi csal\u00e1dt\u00e1mogat\u00e1sok, A csepeli gy\u00e1ros nyomdokain, \u00daj programok a Csepeli Nyugd\u00edjas K\u00f6z\u00f6ss\u00e9gi H\u00e1zban, H\u00edrek a csepeli iskol\u00e1kb\u00f3l, Mit f\u0151zz\u00fcnk a gyerekeknek?, H\u00e1rom nemzet t\u00e1ncosai a Szurkol\u00f3i Ar\u00e9n\u00e1ban, rejtv\u00e9ny, ker\u00fcleti programok. Legk\u00f6zelebbi sz\u00e1munk [&hellip;]<\/p>\n","protected":false},"author":8,"featured_media":1509,"comment_status":"open","ping_status":"open","sticky":false,"template":"","format":"standard","meta":[],"categories":[9,12],"tags":[],"acf":[],"_links":{"self":[{"href":"https:\/\/www.csepelivaroskep.hu\/hirmondo\/wp-json\/wp\/v2\/posts\/1508"}],"collection":[{"href":"https:\/\/www.csepelivaroskep.hu\/hirmondo\/wp-json\/wp\/v2\/posts"}],"about":[{"href":"https:\/\/www.csepelivaroskep.hu\/hirmondo\/wp-json\/wp\/v2\/types\/post"}],"author":[{"embeddable":true,"href":"https:\/\/www.csepelivaroskep.hu\/hirmondo\/wp-json\/wp\/v2\/users\/8"}],"replies":[{"embeddable":true,"href":"https:\/\/www.csepelivaroskep.hu\/hirmondo\/wp-json\/wp\/v2\/comments?post=1508"}],"version-history":[{"count":1,"href":"https:\/\/www.csepelivaroskep.hu\/hirmondo\/wp-json\/wp\/v2\/posts\/1508\/revisions"}],"predecessor-version":[{"id":1510,"href":"https:\/\/www.csepelivaroskep.hu\/hirmondo\/wp-json\/wp\/v2\/posts\/1508\/revisions\/1510"}],"wp:featuredmedia":[{"embeddable":true,"href":"https:\/\/www.csepelivaroskep.hu\/hirmondo\/wp-json\/wp\/v2\/media\/1509"}],"wp:attachment":[{"href":"https:\/\/www.csepelivaroskep.hu\/hirmondo\/wp-json\/wp\/v2\/media?parent=1508"}],"wp:term":[{"taxonomy":"category","embeddable":true,"href":"https:\/\/www.csepelivaroskep.hu\/hirmondo\/wp-json\/wp\/v2\/categories?post=1508"},{"taxonomy":"post_tag","embeddable":true,"href":"https:\/\/www.csepelivaroskep.hu\/hirmondo\/wp-json\/wp\/v2\/tags?post=1508"}],"curies":[{"name":"wp","href":"https:\/\/api.w.org\/{rel}","templated":true}]}}