{"id":1515,"date":"2019-08-28T10:14:36","date_gmt":"2019-08-28T10:14:36","guid":{"rendered":"http:\/\/www.csepelivaroskep.hu\/hirmondo\/?p=1515"},"modified":"2019-08-28T10:17:31","modified_gmt":"2019-08-28T10:17:31","slug":"csepeli-hirmondo-x-24-szam","status":"publish","type":"post","link":"https:\/\/www.csepelivaroskep.hu\/hirmondo\/2019\/08\/28\/csepeli-hirmondo-x-24-szam\/","title":{"rendered":"Csepeli H\u00edrmond\u00f3 X.\/24.sz\u00e1m"},"content":{"rendered":"\n<p>Megjelent a Csepeli H\u00edrmond\u00f3 leg\u00fajabb sz\u00e1ma. A tartalomb\u00f3l: Spinning az Ar\u00e9n\u00e1ban, Elkezd\u0151d\u00f6tt az \u00faj szabadid\u0151 park \u00e9p\u00edt\u00e9se Csillagtelepen, V\u00e9get \u00e9rtek a ny\u00e1ri t\u00e1borok, Ny\u00e1r v\u00e9gi \u00e9lm\u00e9nyek a csal\u00e1di haj\u00f3kir\u00e1ndul\u00e1son, Mit tehet\u00fcnk az eg\u00e9szs\u00e9g\u00fcnk\u00e9rt?, Elhunyt F\u00e1klya B\u00e9la csepeli \u00f6ttus\u00e1z\u00f3, Sas S\u00e1ndor m\u00e1r a toki\u00f3i olimpi\u00e1ra k\u00e9sz\u00fcl, Tekerd k\u00f6rbe a Csepel-szigetet!, Folyad\u00e9kp\u00f3tl\u00e1s v\u00e1ltozatosan. K\u00f6vetkez\u0151 sz\u00e1munk szeptember 3-\u00e1n jelenik meg.<\/p>\n\n\n<a href=\"https:\/\/www.csepelivaroskep.hu\/hirmondo\/wp-content\/uploads\/sites\/7\/2019\/08\/CSH_210.pdf\" class=\"pdfemb-viewer\" style=\"\" data-width=\"max\" data-height=\"max\" data-mobile-width=\"0\"  data-scrollbar=\"none\" data-download=\"on\" data-tracking=\"on\" data-newwindow=\"on\" data-pagetextbox=\"off\" data-scrolltotop=\"off\" data-startzoom=\"100\" data-startfpzoom=\"100\" data-toolbar=\"both\" data-toolbar-fixed=\"on\">CSH_210<br\/><\/a>\n<p class=\"wp-block-pdfemb-pdf-embedder-viewer\"><\/p>\n","protected":false},"excerpt":{"rendered":"<p>Megjelent a Csepeli H\u00edrmond\u00f3 leg\u00fajabb sz\u00e1ma. A tartalomb\u00f3l: Spinning az Ar\u00e9n\u00e1ban, Elkezd\u0151d\u00f6tt az \u00faj szabadid\u0151 park \u00e9p\u00edt\u00e9se Csillagtelepen, V\u00e9get \u00e9rtek a ny\u00e1ri t\u00e1borok, Ny\u00e1r v\u00e9gi \u00e9lm\u00e9nyek a csal\u00e1di haj\u00f3kir\u00e1ndul\u00e1son, Mit tehet\u00fcnk az eg\u00e9szs\u00e9g\u00fcnk\u00e9rt?, Elhunyt F\u00e1klya B\u00e9la csepeli \u00f6ttus\u00e1z\u00f3, Sas S\u00e1ndor m\u00e1r a toki\u00f3i olimpi\u00e1ra k\u00e9sz\u00fcl, Tekerd k\u00f6rbe a Csepel-szigetet!, Folyad\u00e9kp\u00f3tl\u00e1s v\u00e1ltozatosan. K\u00f6vetkez\u0151 sz\u00e1munk szeptember 3-\u00e1n [&hellip;]<\/p>\n","protected":false},"author":8,"featured_media":1518,"comment_status":"open","ping_status":"open","sticky":false,"template":"","format":"standard","meta":[],"categories":[9,12],"tags":[],"acf":[],"_links":{"self":[{"href":"https:\/\/www.csepelivaroskep.hu\/hirmondo\/wp-json\/wp\/v2\/posts\/1515"}],"collection":[{"href":"https:\/\/www.csepelivaroskep.hu\/hirmondo\/wp-json\/wp\/v2\/posts"}],"about":[{"href":"https:\/\/www.csepelivaroskep.hu\/hirmondo\/wp-json\/wp\/v2\/types\/post"}],"author":[{"embeddable":true,"href":"https:\/\/www.csepelivaroskep.hu\/hirmondo\/wp-json\/wp\/v2\/users\/8"}],"replies":[{"embeddable":true,"href":"https:\/\/www.csepelivaroskep.hu\/hirmondo\/wp-json\/wp\/v2\/comments?post=1515"}],"version-history":[{"count":2,"href":"https:\/\/www.csepelivaroskep.hu\/hirmondo\/wp-json\/wp\/v2\/posts\/1515\/revisions"}],"predecessor-version":[{"id":1519,"href":"https:\/\/www.csepelivaroskep.hu\/hirmondo\/wp-json\/wp\/v2\/posts\/1515\/revisions\/1519"}],"wp:featuredmedia":[{"embeddable":true,"href":"https:\/\/www.csepelivaroskep.hu\/hirmondo\/wp-json\/wp\/v2\/media\/1518"}],"wp:attachment":[{"href":"https:\/\/www.csepelivaroskep.hu\/hirmondo\/wp-json\/wp\/v2\/media?parent=1515"}],"wp:term":[{"taxonomy":"category","embeddable":true,"href":"https:\/\/www.csepelivaroskep.hu\/hirmondo\/wp-json\/wp\/v2\/categories?post=1515"},{"taxonomy":"post_tag","embeddable":true,"href":"https:\/\/www.csepelivaroskep.hu\/hirmondo\/wp-json\/wp\/v2\/tags?post=1515"}],"curies":[{"name":"wp","href":"https:\/\/api.w.org\/{rel}","templated":true}]}}