{"id":1527,"date":"2019-08-31T10:12:35","date_gmt":"2019-08-31T10:12:35","guid":{"rendered":"http:\/\/www.csepelivaroskep.hu\/hirmondo\/?p=1527"},"modified":"2019-08-31T10:15:14","modified_gmt":"2019-08-31T10:15:14","slug":"kerekparos-siker-csepelrol","status":"publish","type":"post","link":"https:\/\/www.csepelivaroskep.hu\/hirmondo\/2019\/08\/31\/kerekparos-siker-csepelrol\/","title":{"rendered":"Ker\u00e9kp\u00e1ros siker Csepelr\u0151l"},"content":{"rendered":"\n<p>Id\u00e9n a csepeli Szarka Gergely nyerte az orsz\u00e1g\u00fati\nker\u00e9kp\u00e1rosok orsz\u00e1gos bajnoks\u00e1g\u00e1t. Gy\u0151zelme az\u00e9rt figyelemre m\u00e9lt\u00f3, mert neves\nhazai \u00e9s k\u00fclf\u00f6ldi ker\u00e9kp\u00e1rosokat utas\u00edtott maga m\u00f6g\u00e9. Szarka Gergellyel, az\nEpronex-Bss Oil Team csapat\u00e1nak ker\u00e9kp\u00e1ros\u00e1val besz\u00e9lgett\u00fcnk. <\/p>\n\n\n\n<p>A csepeli sz\u00fclet\u00e9s\u0171 \u00e9s jelenleg is Csepelen \u00e9l\u0151 Szarka Gergely 2010-ben, 11 \u00e9vesen kezdett versenyszer\u0171en ker\u00e9kp\u00e1rozni egy csepeli ker\u00e9kp\u00e1ros szakoszt\u00e1lyn\u00e1l. M\u00e1r el\u0151tte is sportolt, a M\u00e1ty\u00e1s Kir\u00e1ly \u00c1ltal\u00e1nos Iskola di\u00e1kjak\u00e9nt ker\u00fcleti atl\u00e9tikai versenyeken vett r\u00e9szt, de k\u00e9zilabd\u00e1zott is. \u2013 Egyik ny\u00e1ron kapcsolgattam a t\u00e9v\u00e9t \u00e9s megakadt a tekintetem a Tour de France k\u00f6zvet\u00edt\u00e9s\u00e9n. Mondtam a sz\u00fcleimnek, hogy sz\u00edvesen kipr\u00f3b\u00e1ln\u00e1m ezt a sportot, ez\u00e9rt felkerest\u00fck a Csepeli Ker\u00e9kp\u00e1r- \u00e9s Szabadid\u0151s Egyes\u00fcletet, ahol eg\u00e9szen 2014-ig sportoltam \u2013 eleven\u00edtette fel a kezdeteket. <br> Miut\u00e1n az egyes\u00fclet megsz\u0171nt, a KSI-be, majd 2017-ben a DKSI-be ment. \u2013 Ez egy debreceni egyes\u00fclet, amelynek budapesti szakoszt\u00e1lya feln\u0151tt csapatot ind\u00edtott a f\u0151v\u00e1rosban. Nagy amb\u00edci\u00f3kkal v\u00e1gtam neki az \u00e9vnek, mert a feln\u0151ttek k\u00f6z\u00f6tt el\u00e9g komoly nemzetk\u00f6zi versenyeken indulhattam \u2013 mondta. Az orsz\u00e1gos bajnoks\u00e1gon U23-kateg\u00f3ri\u00e1ban \u00f6t\u00f6dik helyen v\u00e9gzett, az igazi \u00e1tt\u00f6r\u00e9st pedig a Tour de Hongire jelentette. Az \u00f6t napos magyar orsz\u00e1g\u00fati k\u00f6rversenyben n\u00e9gy napig benne volt az els\u0151 t\u00edzben, \u00e9s viselhette a legjobb magyarnak j\u00e1r\u00f3 megk\u00fcl\u00f6nb\u00f6ztet\u0151 trik\u00f3t. <br> 2018-ban le\u00e9retts\u00e9gizett, de nem jelentkezett fels\u0151oktat\u00e1si int\u00e9zm\u00e9nybe. Mivel a tanul\u00e1s miatt nem tudott teljes er\u0151vel a versenyz\u00e9sre \u00f6sszpontos\u00edtani, \u00fagy d\u00f6nt\u00f6tt, egy \u00e9vet kihagy, \u00e9s csak a ker\u00e9kp\u00e1roz\u00e1sra koncentr\u00e1l, hogy kider\u00fclj\u00f6n, van-e j\u00f6v\u0151je ebben a sport\u00e1gban. A v\u00e1laszra nem kellett sok\u00e1ig v\u00e1rnia. <br> Az orsz\u00e1g\u00fati ker\u00e9kp\u00e1rosok orsz\u00e1gos bajnoks\u00e1g\u00e1nak ibr\u00e1nyi verseny\u00e9n 177,6 km-t kell letekerni, amely 12 k\u00f6rt jelent a versenyp\u00e1ly\u00e1n. \u2013 Csapatunk taktik\u00e1ja az volt, hogy n\u00e9h\u00e1nyan elsz\u00f6kj\u00fcnk a mez\u0151nyt\u0151l. Ez nagyon j\u00f3l m\u0171k\u00f6d\u00f6tt, mert rajtunk k\u00edv\u00fcl m\u00e1s csapatok ezt nem tett\u00e9k meg. Gyakorlatilag az eg\u00e9sz t\u00e1von nem kellett m\u00e1st tenn\u00fcnk, csak biztos\u00edtani az \u00e9len teker\u0151 csapatt\u00e1rsainkat, a t\u00e1mad\u00e1sokat k\u00f6nnyed\u00e9n visszavert\u00fck. Az utols\u00f3 k\u00f6rben heten elszakadtunk a mez\u0151nyt\u0151l. 500 m\u00e9terrel a c\u00e9l el\u0151tt \u2013 amikor k\u00f6r\u00fclbel\u00fcl a negyedik-\u00f6t\u00f6dik helyen lehettem \u2013 siker\u00fclt az \u00e9lre t\u00f6rn\u00f6m \u00e9s els\u0151k\u00e9nt c\u00e9lba \u00e9rnem, 4 \u00f3ra 4 perces id\u0151vel. <br> Gergely egy \u00e9ven \u00e1t minden versenyen hordhatja a magyar bajnoki trik\u00f3t, amely nagy preszt\u00edzst \u00e9s m\u00e9diafigyelmet jelent. Mivel az orsz\u00e1gos versenyen t\u00f6bb nemzetk\u00f6zi szint\u0171 ker\u00e9kp\u00e1rost utas\u00edtott maga m\u00f6g\u00e9, azonnal elkezdtek ir\u00e1nta \u00e9rdekl\u0151dni a k\u00fclf\u00f6ldi csapatok. J\u00f6v\u0151re val\u00f3sz\u00edn\u0171leg az egyikhez el is szerz\u0151dik, hogy komolyabb nemzetk\u00f6zi versenyeken is elindulhasson, \u00e9s az elit ker\u00e9kp\u00e1rosok mez\u0151ny\u00e9ben, a World Tour-sorozatban is szerepelhessen. <br> Gergely most egy belv\u00e1rosi k\u00e1v\u00e9z\u00f3ban barista. R\u00e9szmunkaid\u0151ben dolgozik, hogy min\u00e9l t\u00f6bbet tudjon edzeni. Heti 20-25 \u00f3r\u00e1t ker\u00e9kp\u00e1rozik, \u00e9s m\u00e9g konditerembe is j\u00e1r, er\u0151s\u00edt\u0151 gyakorlatokat v\u00e9gezni. Azt mondja, ha tov\u00e1bbtanul, mindenk\u00e9ppen a biol\u00f3gi\u00e1t \u00e9s a sportot szeretn\u00e9 \u00f6tv\u00f6zni, p\u00e9ld\u00e1ul gy\u00f3gytorn\u00e1sz vagy dietetikus szakon. De most legink\u00e1bb az orsz\u00e1g\u00fati vil\u00e1gbajnoks\u00e1gra koncentr\u00e1l, amely Yorkshire-ben lesz. Ott is szeretne kiemelked\u0151 eredm\u00e9nyt el\u00e9rni. <\/p>\n\n\n\n<figure class=\"wp-block-image\"><img loading=\"lazy\" width=\"1024\" height=\"683\" src=\"http:\/\/www.csepelivaroskep.hu\/hirmondo\/wp-content\/uploads\/sites\/7\/2019\/08\/IMG_6272-1024x683.jpeg\" alt=\"\" class=\"wp-image-1529\" srcset=\"https:\/\/www.csepelivaroskep.hu\/hirmondo\/wp-content\/uploads\/sites\/7\/2019\/08\/IMG_6272-1024x683.jpeg 1024w, https:\/\/www.csepelivaroskep.hu\/hirmondo\/wp-content\/uploads\/sites\/7\/2019\/08\/IMG_6272-300x200.jpeg 300w, https:\/\/www.csepelivaroskep.hu\/hirmondo\/wp-content\/uploads\/sites\/7\/2019\/08\/IMG_6272-768x512.jpeg 768w, https:\/\/www.csepelivaroskep.hu\/hirmondo\/wp-content\/uploads\/sites\/7\/2019\/08\/IMG_6272.jpeg 2048w\" sizes=\"(max-width: 1024px) 100vw, 1024px\" \/><\/figure>\n\n\n\n<figure class=\"wp-block-image\"><img loading=\"lazy\" width=\"683\" height=\"1024\" src=\"http:\/\/www.csepelivaroskep.hu\/hirmondo\/wp-content\/uploads\/sites\/7\/2019\/08\/IMG_6175-683x1024.jpeg\" alt=\"\" class=\"wp-image-1530\" srcset=\"https:\/\/www.csepelivaroskep.hu\/hirmondo\/wp-content\/uploads\/sites\/7\/2019\/08\/IMG_6175-683x1024.jpeg 683w, https:\/\/www.csepelivaroskep.hu\/hirmondo\/wp-content\/uploads\/sites\/7\/2019\/08\/IMG_6175-200x300.jpeg 200w, https:\/\/www.csepelivaroskep.hu\/hirmondo\/wp-content\/uploads\/sites\/7\/2019\/08\/IMG_6175-768x1152.jpeg 768w, https:\/\/www.csepelivaroskep.hu\/hirmondo\/wp-content\/uploads\/sites\/7\/2019\/08\/IMG_6175.jpeg 1365w\" sizes=\"(max-width: 683px) 100vw, 683px\" \/><\/figure>\n","protected":false},"excerpt":{"rendered":"<p>Id\u00e9n a csepeli Szarka Gergely nyerte az orsz\u00e1g\u00fati ker\u00e9kp\u00e1rosok orsz\u00e1gos bajnoks\u00e1g\u00e1t. Gy\u0151zelme az\u00e9rt figyelemre m\u00e9lt\u00f3, mert neves hazai \u00e9s k\u00fclf\u00f6ldi ker\u00e9kp\u00e1rosokat utas\u00edtott maga m\u00f6g\u00e9. Szarka Gergellyel, az Epronex-Bss Oil Team csapat\u00e1nak ker\u00e9kp\u00e1ros\u00e1val besz\u00e9lgett\u00fcnk. A csepeli sz\u00fclet\u00e9s\u0171 \u00e9s jelenleg is Csepelen \u00e9l\u0151 Szarka Gergely 2010-ben, 11 \u00e9vesen kezdett versenyszer\u0171en ker\u00e9kp\u00e1rozni egy csepeli ker\u00e9kp\u00e1ros szakoszt\u00e1lyn\u00e1l. M\u00e1r el\u0151tte [&hellip;]<\/p>\n","protected":false},"author":8,"featured_media":1534,"comment_status":"open","ping_status":"open","sticky":false,"template":"","format":"standard","meta":[],"categories":[7],"tags":[],"acf":[],"_links":{"self":[{"href":"https:\/\/www.csepelivaroskep.hu\/hirmondo\/wp-json\/wp\/v2\/posts\/1527"}],"collection":[{"href":"https:\/\/www.csepelivaroskep.hu\/hirmondo\/wp-json\/wp\/v2\/posts"}],"about":[{"href":"https:\/\/www.csepelivaroskep.hu\/hirmondo\/wp-json\/wp\/v2\/types\/post"}],"author":[{"embeddable":true,"href":"https:\/\/www.csepelivaroskep.hu\/hirmondo\/wp-json\/wp\/v2\/users\/8"}],"replies":[{"embeddable":true,"href":"https:\/\/www.csepelivaroskep.hu\/hirmondo\/wp-json\/wp\/v2\/comments?post=1527"}],"version-history":[{"count":3,"href":"https:\/\/www.csepelivaroskep.hu\/hirmondo\/wp-json\/wp\/v2\/posts\/1527\/revisions"}],"predecessor-version":[{"id":1535,"href":"https:\/\/www.csepelivaroskep.hu\/hirmondo\/wp-json\/wp\/v2\/posts\/1527\/revisions\/1535"}],"wp:featuredmedia":[{"embeddable":true,"href":"https:\/\/www.csepelivaroskep.hu\/hirmondo\/wp-json\/wp\/v2\/media\/1534"}],"wp:attachment":[{"href":"https:\/\/www.csepelivaroskep.hu\/hirmondo\/wp-json\/wp\/v2\/media?parent=1527"}],"wp:term":[{"taxonomy":"category","embeddable":true,"href":"https:\/\/www.csepelivaroskep.hu\/hirmondo\/wp-json\/wp\/v2\/categories?post=1527"},{"taxonomy":"post_tag","embeddable":true,"href":"https:\/\/www.csepelivaroskep.hu\/hirmondo\/wp-json\/wp\/v2\/tags?post=1527"}],"curies":[{"name":"wp","href":"https:\/\/api.w.org\/{rel}","templated":true}]}}