{"id":1558,"date":"2019-09-04T10:22:12","date_gmt":"2019-09-04T10:22:12","guid":{"rendered":"http:\/\/www.csepelivaroskep.hu\/hirmondo\/?p=1558"},"modified":"2019-09-04T10:22:44","modified_gmt":"2019-09-04T10:22:44","slug":"csepeli-hirmondo-x-26-szam","status":"publish","type":"post","link":"https:\/\/www.csepelivaroskep.hu\/hirmondo\/2019\/09\/04\/csepeli-hirmondo-x-26-szam\/","title":{"rendered":"Csepeli H\u00edrmond\u00f3 X.\/25.sz\u00e1m"},"content":{"rendered":"\n<p>Megjelent a Csepeli H\u00edrmond\u00f3 leg\u00fajabb sz\u00e1ma. A tartalomb\u00f3l: Becs\u00f6ngettek, Elk\u00e9sz\u00fclt a Popieluszko utca fel\u00faj\u00edt\u00e1sa. Meg\u00fajult a T\u00e1ncsics Mih\u00e1ly utcai h\u00e1ziorvosi rendel\u0151, Csepel 1944 &#8211; ki\u00e1ll\u00edt\u00e1s a k\u00f6zs\u00e9get \u00e9rt bomb\u00e1z\u00e1sokr\u00f3l, Fel\u00faj\u00edtott iskol\u00e1ba k\u00f6lt\u00f6z\u00f6tt \u00e1t a Jedlik, T\u00faz\u0151rs\u00e9g a Weisz Manfr\u00e9d M\u0171vekben, Nagyszer\u0171 szerepl\u00e9s a vil\u00e1gbajnoks\u00e1gon, Egy martin\u00e1sz, akinek az Ac\u00e9lm\u0171 volt az otthona, Kir\u00e1lyTeam: ism\u00e9t a cs\u00facson, Els\u0151 csepeli Bring\u00e1s Nap, Hooligans-koncert a f\u0151t\u00e9ren, ker\u00fcleti programok. Legk\u00f6zelebbi sz\u00e1munk egy h\u00e9t m\u00falva, szeptember 11-\u00e9n jelenik meg.<\/p>\n\n\n<a href=\"https:\/\/www.csepelivaroskep.hu\/hirmondo\/wp-content\/uploads\/sites\/7\/2019\/09\/CSH_2111.pdf\" class=\"pdfemb-viewer\" style=\"\" data-width=\"max\" data-height=\"max\" data-mobile-width=\"0\"  data-scrollbar=\"none\" data-download=\"on\" data-tracking=\"on\" data-newwindow=\"on\" data-pagetextbox=\"off\" data-scrolltotop=\"off\" data-startzoom=\"100\" data-startfpzoom=\"100\" data-toolbar=\"both\" data-toolbar-fixed=\"on\">CSH_2111<br\/><\/a>\n<p class=\"wp-block-pdfemb-pdf-embedder-viewer\"><\/p>\n","protected":false},"excerpt":{"rendered":"<p>Megjelent a Csepeli H\u00edrmond\u00f3 leg\u00fajabb sz\u00e1ma. A tartalomb\u00f3l: Becs\u00f6ngettek, Elk\u00e9sz\u00fclt a Popieluszko utca fel\u00faj\u00edt\u00e1sa. Meg\u00fajult a T\u00e1ncsics Mih\u00e1ly utcai h\u00e1ziorvosi rendel\u0151, Csepel 1944 &#8211; ki\u00e1ll\u00edt\u00e1s a k\u00f6zs\u00e9get \u00e9rt bomb\u00e1z\u00e1sokr\u00f3l, Fel\u00faj\u00edtott iskol\u00e1ba k\u00f6lt\u00f6z\u00f6tt \u00e1t a Jedlik, T\u00faz\u0151rs\u00e9g a Weisz Manfr\u00e9d M\u0171vekben, Nagyszer\u0171 szerepl\u00e9s a vil\u00e1gbajnoks\u00e1gon, Egy martin\u00e1sz, akinek az Ac\u00e9lm\u0171 volt az otthona, Kir\u00e1lyTeam: ism\u00e9t a [&hellip;]<\/p>\n","protected":false},"author":8,"featured_media":1557,"comment_status":"open","ping_status":"open","sticky":false,"template":"","format":"standard","meta":[],"categories":[9,12],"tags":[],"acf":[],"_links":{"self":[{"href":"https:\/\/www.csepelivaroskep.hu\/hirmondo\/wp-json\/wp\/v2\/posts\/1558"}],"collection":[{"href":"https:\/\/www.csepelivaroskep.hu\/hirmondo\/wp-json\/wp\/v2\/posts"}],"about":[{"href":"https:\/\/www.csepelivaroskep.hu\/hirmondo\/wp-json\/wp\/v2\/types\/post"}],"author":[{"embeddable":true,"href":"https:\/\/www.csepelivaroskep.hu\/hirmondo\/wp-json\/wp\/v2\/users\/8"}],"replies":[{"embeddable":true,"href":"https:\/\/www.csepelivaroskep.hu\/hirmondo\/wp-json\/wp\/v2\/comments?post=1558"}],"version-history":[{"count":2,"href":"https:\/\/www.csepelivaroskep.hu\/hirmondo\/wp-json\/wp\/v2\/posts\/1558\/revisions"}],"predecessor-version":[{"id":1560,"href":"https:\/\/www.csepelivaroskep.hu\/hirmondo\/wp-json\/wp\/v2\/posts\/1558\/revisions\/1560"}],"wp:featuredmedia":[{"embeddable":true,"href":"https:\/\/www.csepelivaroskep.hu\/hirmondo\/wp-json\/wp\/v2\/media\/1557"}],"wp:attachment":[{"href":"https:\/\/www.csepelivaroskep.hu\/hirmondo\/wp-json\/wp\/v2\/media?parent=1558"}],"wp:term":[{"taxonomy":"category","embeddable":true,"href":"https:\/\/www.csepelivaroskep.hu\/hirmondo\/wp-json\/wp\/v2\/categories?post=1558"},{"taxonomy":"post_tag","embeddable":true,"href":"https:\/\/www.csepelivaroskep.hu\/hirmondo\/wp-json\/wp\/v2\/tags?post=1558"}],"curies":[{"name":"wp","href":"https:\/\/api.w.org\/{rel}","templated":true}]}}