{"id":1561,"date":"2019-09-05T06:52:55","date_gmt":"2019-09-05T06:52:55","guid":{"rendered":"http:\/\/www.csepelivaroskep.hu\/hirmondo\/?p=1561"},"modified":"2019-09-05T06:53:33","modified_gmt":"2019-09-05T06:53:33","slug":"ismet-az-orszag-legjobbjai-kozott-a-csepeli-dac","status":"publish","type":"post","link":"https:\/\/www.csepelivaroskep.hu\/hirmondo\/2019\/09\/05\/ismet-az-orszag-legjobbjai-kozott-a-csepeli-dac\/","title":{"rendered":"Ism\u00e9t az orsz\u00e1g legjobbjai k\u00f6z\u00f6tt a Csepeli DAC"},"content":{"rendered":"\n<p>Remek eredm\u00e9nyeket\n\u00e9rtek el a Csepeli Di\u00e1k Atl\u00e9tikai Club (DAC) ifj\u00fa atl\u00e9t\u00e1i a h\u00e9tv\u00e9g\u00e9n\nmegrendezett 3. Magyar Atl\u00e9tikai Serd\u00fcl\u0151 Liga d\u00f6nt\u0151j\u00e9ben. A csepeliek k\u00e9t\narany- \u00e9s k\u00e9t ez\u00fcst\u00e9rmet szereztek, ezzel a csapatok k\u00f6z\u00f6tt a legjobbak k\u00f6z\u00f6tt szerepeltek.\nMindez persze nem meglep\u0151, mert a Csepeli DAC az ut\u00e1np\u00f3tl\u00e1skor\u00fa atl\u00e9tikai\nversenyeken rendre az els\u0151k k\u00f6z\u00f6tt v\u00e9gez a hazai versenyeken. A sikerek r\u00e9szese\nV\u00e1g\u00f3 Imr\u00e9n\u00e9, a klub eln\u00f6ke \u00e9s edz\u0151je, valamint Feh\u00e9r G\u00e1bor vezet\u0151 edz\u0151, Engi\nAndrea, F\u00fcredi Zsuzsa, Tari Tibor, Babinyecz-Tusai Brigitta \u00e9s Damm J\u00f3zsef\ntr\u00e9nerek.&nbsp;&nbsp;&nbsp; <\/p>\n\n\n\n<p>Feh\u00e9r G\u00e1bor\n2012-ben kezdte el edz\u0151i tev\u00e9kenys\u00e9g\u00e9t F\u00fcredi Zsuzs\u00e1val k\u00f6z\u00f6sen a Csepeli\nDAC-n\u00e1l. Akkor tizenkilencen sportoltak az egy\u00fcttesn\u00e9l, most m\u00e1r sz\u00e1zh\u00faszan.\nFeh\u00e9r G\u00e1bor az ELTE Tan\u00e1rk\u00e9pz\u0151 F\u0151iskolai Kar\u00e1nak testnevel\u00e9s-f\u00f6ldrajz szak\u00e1n\nv\u00e9gzett 1985-ben. Az\u00f3ta megszak\u00edt\u00e1s n\u00e9lk\u00fcl a csepeli Arany J\u00e1nos \u00c1ltal\u00e1nos\nIskol\u00e1ban tan\u00edt, mik\u00f6zben \u00e9vtizedek \u00f3ta edz\u0151i tev\u00e9kenys\u00e9get is folytat. \u201eA\nCsepeli DAC az orsz\u00e1g egyik legjobb ut\u00e1np\u00f3tl\u00e1skor\u00fa atl\u00e9tikai csapata. J\u00faliusban\nGy\u0151rben mi nyert\u00fck az orsz\u00e1gos csapatbajnoks\u00e1got h\u00e9t egy\u00e9ni arany\u00e9remmel. Id\u00e9n\neddig tizenhat magyar bajnoki c\u00edmet szerezt\u00fcnk. A mostani serd\u00fcl\u0151 liga\nd\u00f6nt\u0151j\u00e9be azok az atl\u00e9t\u00e1k ker\u00fclhettek, akik a kor\u00e1bbi n\u00e9gy versenyen a\nlegjobbak voltak. Tavaszt\u00f3l \u0151szig a B\u00e9ke t\u00e9ri sportp\u00e1ly\u00e1n tartjuk az edz\u00e9seket,\nnovembert\u0151l \u00e1prilisig pedig az Arany J\u00e1nos iskola tornaterm\u00e9ben. K\u00f6sz\u00f6net illeti\nMorovikn\u00e9 F\u00fcl\u00f6p Csilla int\u00e9zm\u00e9nyvezet\u0151t, hogy nagyban t\u00e1mogatja az atl\u00e9t\u00e1kat. H\u00e1l\u00e1sak\nvagyunk a csepeli \u00f6nkorm\u00e1nyzatnak is, hogy a teremb\u00e9rlettel seg\u00edti a\nfelk\u00e9sz\u00fcl\u00e9s\u00fcnket. A munk\u00e1t r\u00e9szletesen kidolgozott edz\u00e9sterv szerint v\u00e9gezz\u00fck,\na tr\u00e9nereknek k\u00fcl\u00f6n-k\u00fcl\u00f6n megvan a saj\u00e1t feladatuk\u201d &#8212; mondta Feh\u00e9r G\u00e1bor.&nbsp;&nbsp;&nbsp; &nbsp;&nbsp;<\/p>\n\n\n\n<p>A csepeliek\nsiker\u00e9t emeli, hogy a liga d\u00f6nt\u0151j\u00e9ben a versenyz\u0151ik egy r\u00e9sze els\u0151\u00e9ves serd\u00fcl\u0151\n\u00e9s \u00fajonc atl\u00e9ta, akik id\u0151sebbekkel versenyeztek. <\/p>\n\n\n\n<p>A h\u00e9tv\u00e9gi\nserd\u00fcl\u0151 liga d\u00f6nt\u0151j\u00e9ben fi\u00fa 100 m\u00e9teres g\u00e1tfut\u00e1sban els\u0151 lett Pesti M\u00e1t\u00e9 13.24\nm\u00e1sodperces egy\u00e9ni cs\u00faccsal. Tari Tibor 14.31 m\u00e1sodperces\neredm\u00e9nnyel hatodik lett. Le\u00e1ny 800 m\u00e9teres s\u00edkfut\u00e1sban els\u0151 Babinyecz Anna kiv\u00e1l\u00f3\n2:17.23 perces eredm\u00e9nnyel, amely 3 sz\u00e1zaddal jobb, mint a feln\u0151tt Szuper Liga\ngy\u0151ztes eredm\u00e9nye. Fi\u00fa \u00f6t\u00f6sugr\u00e1sban a m\u00e1sodik helyet szerezte meg Bazs\u00f3 Levente\n18.53 m\u00e9teres egy\u00e9ni cs\u00faccsal, hetedikk\u00e9nt Tari Tibor v\u00e9gzett 17.71 m\u00e9terrel. Fi\u00fa\nmagasugr\u00e1sban Tari Tibor m\u00e1sodik lett 171 centim\u00e9teres ugr\u00e1ssal, m\u00edg \u00f6ccse,\nTari Zolt\u00e1n, aki \u00fajonck\u00e9nt ker\u00fclt a d\u00f6nt\u0151be, 151 centim\u00e9terrel a hatodik helyet\nszerezte meg. <\/p>\n\n\n\n<p>Le\u00e1ny gerelyhaj\u00edt\u00e1sban Szab\u00f3 Henrietta \u00fajonc l\u00e9t\u00e9re \u00f6t\u00f6dik helyen\nv\u00e9gzett 33.88 m\u00e9teres egy\u00e9ni cs\u00faccsal, Fekete Bogl\u00e1rka 31,96 m\u00e9terrel hetedik\nlett. Fi\u00fa 1500 m\u00e9teres akad\u00e1lyfut\u00e1sban Veres-Nagy Soma hatodikk\u00e9nt \u00e9rt a c\u00e9lba.\nFi\u00fa 300 m\u00e9teres s\u00edkfut\u00e1sban Bazs\u00f3 Levente 38.87 m\u00e1sodperccel hetedik helyez\u00e9st \u00e9rt\nel. Le\u00e1ny 80 m\u00e9teres g\u00e1tfut\u00e1sban a magyar bajnok Botos Kata a nyolcadik helyen\nv\u00e9gzett, mivel a hetedik g\u00e1ton bukott. Az el\u0151futam\u00e1ban m\u00e9g a legjobb id\u0151vel\nkvalifik\u00e1lta mag\u00e1t a d\u00f6nt\u0151re, de ott pechesen alakult a versenye. &nbsp;Le\u00e1ny s\u00falyl\u00f6k\u00e9sben Fekete Bogl\u00e1rka 9.34\nm\u00e9teres eredm\u00e9nnyel kilencedik, N\u00e9meth Zs\u00f3fia 9.20 m\u00e9terrel t\u00edzedik helyen\nv\u00e9gzett. Le\u00e1ny \u00f6t\u00f6sugr\u00e1sban Hegyes Zsanett 15.21 m\u00e9terrel szint\u00e9n t\u00edzedik lett.\nAz ifj\u00fas\u00e1gi\nversenyz\u0151 Bak\u00f3 Martin 400 m\u00e9teres g\u00e1tfut\u00e1sban beker\u00fclt a feln\u0151ttek Szuper Liga d\u00f6nt\u0151j\u00e9be,\nahol tisztes helyt\u00e1ll\u00e1ssal, 57.38 m\u00e1sodperces eredm\u00e9nnyel a nyolcadik helyez\u00e9st\n\u00e9rte el.<\/p>\n\n\n\n<p>cs. a. <\/p>\n\n\n\n<figure class=\"wp-block-image\"><img loading=\"lazy\" width=\"960\" height=\"895\" src=\"http:\/\/www.csepelivaroskep.hu\/hirmondo\/wp-content\/uploads\/sites\/7\/2019\/09\/Csepeli-DAC.jpg\" alt=\"\" class=\"wp-image-1563\" srcset=\"https:\/\/www.csepelivaroskep.hu\/hirmondo\/wp-content\/uploads\/sites\/7\/2019\/09\/Csepeli-DAC.jpg 960w, https:\/\/www.csepelivaroskep.hu\/hirmondo\/wp-content\/uploads\/sites\/7\/2019\/09\/Csepeli-DAC-300x280.jpg 300w, https:\/\/www.csepelivaroskep.hu\/hirmondo\/wp-content\/uploads\/sites\/7\/2019\/09\/Csepeli-DAC-768x716.jpg 768w\" sizes=\"(max-width: 960px) 100vw, 960px\" \/><\/figure>\n\n\n\n<p><br> <br> <\/p>\n","protected":false},"excerpt":{"rendered":"<p>Remek eredm\u00e9nyeket \u00e9rtek el a Csepeli Di\u00e1k Atl\u00e9tikai Club (DAC) ifj\u00fa atl\u00e9t\u00e1i a h\u00e9tv\u00e9g\u00e9n megrendezett 3. Magyar Atl\u00e9tikai Serd\u00fcl\u0151 Liga d\u00f6nt\u0151j\u00e9ben. A csepeliek k\u00e9t arany- \u00e9s k\u00e9t ez\u00fcst\u00e9rmet szereztek, ezzel a csapatok k\u00f6z\u00f6tt a legjobbak k\u00f6z\u00f6tt szerepeltek. Mindez persze nem meglep\u0151, mert a Csepeli DAC az ut\u00e1np\u00f3tl\u00e1skor\u00fa atl\u00e9tikai versenyeken rendre az els\u0151k k\u00f6z\u00f6tt v\u00e9gez a [&hellip;]<\/p>\n","protected":false},"author":8,"featured_media":1563,"comment_status":"open","ping_status":"open","sticky":false,"template":"","format":"standard","meta":[],"categories":[7],"tags":[],"acf":[],"_links":{"self":[{"href":"https:\/\/www.csepelivaroskep.hu\/hirmondo\/wp-json\/wp\/v2\/posts\/1561"}],"collection":[{"href":"https:\/\/www.csepelivaroskep.hu\/hirmondo\/wp-json\/wp\/v2\/posts"}],"about":[{"href":"https:\/\/www.csepelivaroskep.hu\/hirmondo\/wp-json\/wp\/v2\/types\/post"}],"author":[{"embeddable":true,"href":"https:\/\/www.csepelivaroskep.hu\/hirmondo\/wp-json\/wp\/v2\/users\/8"}],"replies":[{"embeddable":true,"href":"https:\/\/www.csepelivaroskep.hu\/hirmondo\/wp-json\/wp\/v2\/comments?post=1561"}],"version-history":[{"count":1,"href":"https:\/\/www.csepelivaroskep.hu\/hirmondo\/wp-json\/wp\/v2\/posts\/1561\/revisions"}],"predecessor-version":[{"id":1564,"href":"https:\/\/www.csepelivaroskep.hu\/hirmondo\/wp-json\/wp\/v2\/posts\/1561\/revisions\/1564"}],"wp:featuredmedia":[{"embeddable":true,"href":"https:\/\/www.csepelivaroskep.hu\/hirmondo\/wp-json\/wp\/v2\/media\/1563"}],"wp:attachment":[{"href":"https:\/\/www.csepelivaroskep.hu\/hirmondo\/wp-json\/wp\/v2\/media?parent=1561"}],"wp:term":[{"taxonomy":"category","embeddable":true,"href":"https:\/\/www.csepelivaroskep.hu\/hirmondo\/wp-json\/wp\/v2\/categories?post=1561"},{"taxonomy":"post_tag","embeddable":true,"href":"https:\/\/www.csepelivaroskep.hu\/hirmondo\/wp-json\/wp\/v2\/tags?post=1561"}],"curies":[{"name":"wp","href":"https:\/\/api.w.org\/{rel}","templated":true}]}}