{"id":1573,"date":"2019-09-09T08:52:12","date_gmt":"2019-09-09T08:52:12","guid":{"rendered":"http:\/\/www.csepelivaroskep.hu\/hirmondo\/?p=1573"},"modified":"2019-09-09T08:52:12","modified_gmt":"2019-09-09T08:52:12","slug":"csepel-autogyari-nap-szigetszentmikloson","status":"publish","type":"post","link":"https:\/\/www.csepelivaroskep.hu\/hirmondo\/2019\/09\/09\/csepel-autogyari-nap-szigetszentmikloson\/","title":{"rendered":"Csepel Aut\u00f3gy\u00e1ri Nap Szigetszentmikl\u00f3son"},"content":{"rendered":"\n<p>Aut\u00f3gy\u00e1ri napot tartottak az egykori Csepel Aut\u00f3gy\u00e1r\nter\u00fclet\u00e9n szeptember 8-\u00e1n abb\u00f3l az alkalomb\u00f3l, hogy a gy\u00e1r hetven \u00e9vvel ezel\u0151tt\nkezdte el m\u0171k\u00f6d\u00e9s\u00e9t. A helysz\u00ednt ma \u00c1TI-Sziget ipari parknak nevezik. T\u00f6bb\ntucat Csepel teheraut\u00f3t, aut\u00f3buszt \u00e9s m\u00e1s j\u00e1rm\u0171veket \u00e1ll\u00edtottak ki, amelyeket\nannak idej\u00e9n itt k\u00e9sz\u00edtettek. A Csepel Aut\u00f3gy\u00e1rban a hatvanas \u00e9s a hetvenes\n\u00e9vekben t\u00f6bb mint t\u00edzezren dolgoztak, sok csepeli is itt tal\u00e1lt mag\u00e1nak munk\u00e1t.\nAz esem\u00e9nyre mintegy h\u00e1romezren l\u00e1togattak el: nemcsak a k\u00f6rnyez\u0151\ntelep\u00fcl\u00e9sekr\u0151l, Csepelr\u0151l, Szigetszentmikl\u00f3sr\u00f3l, Szigethalomr\u00f3l,\nHal\u00e1sztelekr\u0151l, T\u00f6k\u00f6lr\u0151l, hanem t\u00e1volabbi v\u00e1rosokb\u00f3l is \u00e9rkeztek \u00e9rdekl\u0151d\u0151k. <\/p>\n\n\n\n<p>A Csepel Aut\u00f3gy\u00e1r 1949-t\u0151l kezdte el gy\u00e1rtani a\nk\u00fclf\u00f6ld\u00f6n is ismert \u00e9s n\u00e9pszer\u0171 Csepel teheraut\u00f3kat. A hadsereg sz\u00e1m\u00e1ra is\nk\u00e9sz\u00edtettek t\u00f6bb ezer D-344-es terepj\u00e1r\u00f3 teheraut\u00f3kat, amelyeket a 2000-es\n\u00e9vekig haszn\u00e1ltak. Sz\u00e1ll\u00edtottak bel\u0151l\u00fck a volt KGST orsz\u00e1gokba, de Irakba \u00e9s\nK\u00edn\u00e1ba is. Az Ikarusz aut\u00f3busz fen\u00e9kv\u00e1z\u00e1t az 1970-es \u00e9vekt\u0151l \u00e1ll\u00edtott\u00e1k el\u0151, a\nbuszokat nagyr\u00e9szt pedig M\u00e1ty\u00e1sf\u00f6ld\u00f6n \u00e9s Sz\u00e9kesfeh\u00e9rv\u00e1ron szerelt\u00e9k \u00f6ssze.\nIkaruszokb\u00f3l t\u00f6bb sz\u00e1zezer darabot gy\u00e1rtottak, az egykori Szovjetuni\u00f3 legal\u00e1bb\n100 ezer buszt megv\u00e1s\u00e1rolt. A Csepel Aut\u00f3gy\u00e1rnak k\u00f6zvetlen vas\u00fati kapcsolata\nvolt a Szovjetuni\u00f3val. Az Ikarusz buszok haz\u00e1nkban is rendk\u00edv\u00fcl kedveltek\nvoltak, olyannyira, hogy m\u00e9g ma is m\u0171k\u00f6dnek ilyenek Budapesten \u00e9s vid\u00e9ken.\nF\u0151leg a f\u0151v\u00e1rosi t\u00f6megk\u00f6zleked\u00e9sben \u00e9s a t\u00e1vols\u00e1gi j\u00e1ratokon \u00e1ll\u00edtott\u00e1k \u0151ket forgalomba.\nAmikor a rendszerv\u00e1lt\u00e1s idej\u00e9n az Ikarusz gy\u00e1rt\u00e1sa kapacit\u00e1s hi\u00e1ny\u00e1ban\n\u00f6sszeomlott, v\u00e9geredm\u00e9nyben a Csepel Aut\u00f3gy\u00e1r is megsz\u0171nt. Hivatalosan ez\n1992-ben t\u00f6rt\u00e9nt. <\/p>\n\n\n\n<p>A ki\u00e1ll\u00edt\u00e1son a legt\u00f6bben a k\u00fcl\u00f6nf\u00e9le t\u00edpus\u00fa\nIkaruszok ut\u00e1n \u00e9rdekl\u0151dtek. Sokan eml\u00e9keznek r\u00e1juk, hiszen a hatvanas,\nhetvenes, nyolcvanas \u00e9vekben ezeken k\u00f6zlekedtek az emberek. Bemutatt\u00e1k a Csepel\nD-350-es teheraut\u00f3t, amelyekb\u0151l h\u00e1rmat a gy\u00e1r els\u0151 p\u00e9ld\u00e1nyaik\u00e9nt adt\u00e1k \u00e1t 1949.\n\u00e1prilis 4-\u00e9n. M\u00e1rkus Tibor p\u00e9celi lakos tulajdon\u00e1ban van az a katonai\nterepj\u00e1r\u00f3, amelyet amerikai mint\u00e1ra fejlesztettek ki a vil\u00e1gh\u00e1bor\u00fa ut\u00e1n. Akkor n\u00e9h\u00e1ny\nsz\u00e1zat k\u00e9sz\u00edtettek, de jelenleg \u00e1ll\u00edt\u00f3lag csak ez az egy darab maradt meg. M\u00e1rkus\nTibor hobbija lett ennek a k\u00fcl\u00f6nleges j\u00e1rm\u0171nek a meg\u00f3v\u00e1sa: hossz\u00fa \u00e9veken \u00e1t\nszerelgette, jav\u00edtgatta, \u00e9s most el\u0151sz\u00f6r \u00e1ll\u00edtotta ki k\u00f6zszeml\u00e9re.&nbsp; &nbsp;<\/p>\n\n\n\n<p>Miss N\u00e1ndor, a Szigetszentmikl\u00f3si Helyt\u00f6rt\u00e9neti\nGy\u0171jtem\u00e9ny szakmai munkat\u00e1rsa, az aut\u00f3gy\u00e1ri nap egyik f\u0151szervez\u0151je elmondta: a\nmostani ki\u00e1ll\u00edt\u00e1son az volt a c\u00e9l, hogy megtal\u00e1lj\u00e1k \u00e9s bemutass\u00e1k az orsz\u00e1gban\nm\u00e9g m\u0171k\u00f6d\u0151 \u00f6sszes Csepel teheraut\u00f3 t\u00edpusait, valamint az itt gy\u00e1rtott\naut\u00f3buszokat \u00e9s m\u00e1s j\u00e1rm\u0171veket. Az \u00c1TI-Sziget mag\u00e1nc\u00e9g 2002-ben vette \u00e1t a\nter\u00fcletet, \u00e9s az\u00f3ta ipari parkk\u00e9nt funkcion\u00e1l. K\u00fcl\u00f6nf\u00e9le mag\u00e1nc\u00e9geknek adt\u00e1k ki\na csarnokokat, a k\u00f6rny\u00e9k rendezett. A Csepel Aut\u00f3 Gy\u00e1rtm\u00e1nym\u00fazeumot 2006-ban\nhozt\u00e1k l\u00e9tre az \u00c1TI-Sziget \u00e9s a szigetszentmikl\u00f3si \u00f6nkorm\u00e1nyzat t\u00e1mogat\u00e1s\u00e1val.\nItt l\u00e1that\u00f3 egyebek k\u00f6z\u00f6tt az a teheraut\u00f3, amelyet utolj\u00e1ra k\u00e9sz\u00edtettek a\ngy\u00e1rban. A m\u00fazeumot m\u00e1just\u00f3l okt\u00f3berig l\u00e1togathatj\u00e1k az \u00e9rdekl\u0151d\u0151k\nbejelentkez\u00e9s alapj\u00e1n. Telefonon kereshetik B\u00e9k\u00e9s Gy\u00f6rgy t\u00e1rlatvezet\u0151t a\n06-20-200-7241-es sz\u00e1mon. <\/p>\n\n\n\n<p>\u00a0Cs. A. <\/p>\n\n\n\n<figure class=\"wp-block-image\"><img loading=\"lazy\" width=\"714\" height=\"960\" src=\"http:\/\/www.csepelivaroskep.hu\/hirmondo\/wp-content\/uploads\/sites\/7\/2019\/09\/aut\u00f3gy\u00e1r-1..jpg\" alt=\"\" class=\"wp-image-1571\" srcset=\"https:\/\/www.csepelivaroskep.hu\/hirmondo\/wp-content\/uploads\/sites\/7\/2019\/09\/aut\u00f3gy\u00e1r-1..jpg 714w, https:\/\/www.csepelivaroskep.hu\/hirmondo\/wp-content\/uploads\/sites\/7\/2019\/09\/aut\u00f3gy\u00e1r-1.-223x300.jpg 223w\" sizes=\"(max-width: 714px) 100vw, 714px\" \/><\/figure>\n\n\n\n<figure class=\"wp-block-image\"><img loading=\"lazy\" width=\"714\" height=\"960\" src=\"http:\/\/www.csepelivaroskep.hu\/hirmondo\/wp-content\/uploads\/sites\/7\/2019\/09\/aut\u00f3gy\u00e1r-2..jpg\" alt=\"\" class=\"wp-image-1572\" srcset=\"https:\/\/www.csepelivaroskep.hu\/hirmondo\/wp-content\/uploads\/sites\/7\/2019\/09\/aut\u00f3gy\u00e1r-2..jpg 714w, https:\/\/www.csepelivaroskep.hu\/hirmondo\/wp-content\/uploads\/sites\/7\/2019\/09\/aut\u00f3gy\u00e1r-2.-223x300.jpg 223w\" sizes=\"(max-width: 714px) 100vw, 714px\" \/><\/figure>\n","protected":false},"excerpt":{"rendered":"<p>Aut\u00f3gy\u00e1ri napot tartottak az egykori Csepel Aut\u00f3gy\u00e1r ter\u00fclet\u00e9n szeptember 8-\u00e1n abb\u00f3l az alkalomb\u00f3l, hogy a gy\u00e1r hetven \u00e9vvel ezel\u0151tt kezdte el m\u0171k\u00f6d\u00e9s\u00e9t. A helysz\u00ednt ma \u00c1TI-Sziget ipari parknak nevezik. T\u00f6bb tucat Csepel teheraut\u00f3t, aut\u00f3buszt \u00e9s m\u00e1s j\u00e1rm\u0171veket \u00e1ll\u00edtottak ki, amelyeket annak idej\u00e9n itt k\u00e9sz\u00edtettek. A Csepel Aut\u00f3gy\u00e1rban a hatvanas \u00e9s a hetvenes \u00e9vekben t\u00f6bb mint [&hellip;]<\/p>\n","protected":false},"author":8,"featured_media":1571,"comment_status":"open","ping_status":"open","sticky":false,"template":"","format":"standard","meta":[],"categories":[7],"tags":[272],"acf":[],"_links":{"self":[{"href":"https:\/\/www.csepelivaroskep.hu\/hirmondo\/wp-json\/wp\/v2\/posts\/1573"}],"collection":[{"href":"https:\/\/www.csepelivaroskep.hu\/hirmondo\/wp-json\/wp\/v2\/posts"}],"about":[{"href":"https:\/\/www.csepelivaroskep.hu\/hirmondo\/wp-json\/wp\/v2\/types\/post"}],"author":[{"embeddable":true,"href":"https:\/\/www.csepelivaroskep.hu\/hirmondo\/wp-json\/wp\/v2\/users\/8"}],"replies":[{"embeddable":true,"href":"https:\/\/www.csepelivaroskep.hu\/hirmondo\/wp-json\/wp\/v2\/comments?post=1573"}],"version-history":[{"count":1,"href":"https:\/\/www.csepelivaroskep.hu\/hirmondo\/wp-json\/wp\/v2\/posts\/1573\/revisions"}],"predecessor-version":[{"id":1574,"href":"https:\/\/www.csepelivaroskep.hu\/hirmondo\/wp-json\/wp\/v2\/posts\/1573\/revisions\/1574"}],"wp:featuredmedia":[{"embeddable":true,"href":"https:\/\/www.csepelivaroskep.hu\/hirmondo\/wp-json\/wp\/v2\/media\/1571"}],"wp:attachment":[{"href":"https:\/\/www.csepelivaroskep.hu\/hirmondo\/wp-json\/wp\/v2\/media?parent=1573"}],"wp:term":[{"taxonomy":"category","embeddable":true,"href":"https:\/\/www.csepelivaroskep.hu\/hirmondo\/wp-json\/wp\/v2\/categories?post=1573"},{"taxonomy":"post_tag","embeddable":true,"href":"https:\/\/www.csepelivaroskep.hu\/hirmondo\/wp-json\/wp\/v2\/tags?post=1573"}],"curies":[{"name":"wp","href":"https:\/\/api.w.org\/{rel}","templated":true}]}}