{"id":1576,"date":"2019-09-11T07:28:11","date_gmt":"2019-09-11T07:28:11","guid":{"rendered":"http:\/\/www.csepelivaroskep.hu\/hirmondo\/?p=1576"},"modified":"2019-09-11T07:36:25","modified_gmt":"2019-09-11T07:36:25","slug":"csepeli-hirmondo-x-szam-26-szam","status":"publish","type":"post","link":"https:\/\/www.csepelivaroskep.hu\/hirmondo\/2019\/09\/11\/csepeli-hirmondo-x-szam-26-szam\/","title":{"rendered":"Csepeli H\u00edrmond\u00f3 X.\/26.sz\u00e1m"},"content":{"rendered":"\n<p>Megjelent a Csepeli H\u00edrmond\u00f3  leg\u00fajabb sz\u00e1ma. A tartalomb\u00f3l: Csal\u00e1dbar\u00e1t \u00f6nkorm\u00e1nyzat d\u00edjat kapott Csepel, Egy szelet Csepel: sz\u00ednes programok, nagyszer\u0171 \u00e9lm\u00e9nyek, Csal\u00e1di nap mozg\u00e1ss\u00e9r\u00fclteknek, Zene, t\u00e1nc j\u00e1t\u00e9k az idei utols\u00f3 csal\u00e1di haj\u00f3kir\u00e1ndul\u00e1son, H\u00edrek a csepeli iskol\u00e1kb\u00f3l, Csepeli \u00f6nt\u0151k az orsz\u00e1g \u00e9lvonal\u00e1ban, S\u00falyos baleset az Iskola t\u00e9ren, Mit f\u0151zz\u00fcnk a gyerekeknek? \u00dasz\u00e1soktat\u00e1s: vid\u00e1man, de fegyelmezetten, ker\u00fcleti programok, rendezv\u00e9nyek.<\/p>\n\n\n<a href=\"https:\/\/www.csepelivaroskep.hu\/hirmondo\/wp-content\/uploads\/sites\/7\/2019\/09\/CSH_212.pdf\" class=\"pdfemb-viewer\" style=\"\" data-width=\"max\" data-height=\"max\" data-mobile-width=\"0\"  data-scrollbar=\"none\" data-download=\"on\" data-tracking=\"on\" data-newwindow=\"on\" data-pagetextbox=\"off\" data-scrolltotop=\"off\" data-startzoom=\"100\" data-startfpzoom=\"100\" data-toolbar=\"both\" data-toolbar-fixed=\"on\">CSH_212<br\/><\/a>\n<p class=\"wp-block-pdfemb-pdf-embedder-viewer\"><\/p>\n","protected":false},"excerpt":{"rendered":"<p>Megjelent a Csepeli H\u00edrmond\u00f3 leg\u00fajabb sz\u00e1ma. A tartalomb\u00f3l: Csal\u00e1dbar\u00e1t \u00f6nkorm\u00e1nyzat d\u00edjat kapott Csepel, Egy szelet Csepel: sz\u00ednes programok, nagyszer\u0171 \u00e9lm\u00e9nyek, Csal\u00e1di nap mozg\u00e1ss\u00e9r\u00fclteknek, Zene, t\u00e1nc j\u00e1t\u00e9k az idei utols\u00f3 csal\u00e1di haj\u00f3kir\u00e1ndul\u00e1son, H\u00edrek a csepeli iskol\u00e1kb\u00f3l, Csepeli \u00f6nt\u0151k az orsz\u00e1g \u00e9lvonal\u00e1ban, S\u00falyos baleset az Iskola t\u00e9ren, Mit f\u0151zz\u00fcnk a gyerekeknek? \u00dasz\u00e1soktat\u00e1s: vid\u00e1man, de fegyelmezetten, ker\u00fcleti programok, [&hellip;]<\/p>\n","protected":false},"author":8,"featured_media":1575,"comment_status":"open","ping_status":"open","sticky":false,"template":"","format":"standard","meta":[],"categories":[9,12],"tags":[],"acf":[],"_links":{"self":[{"href":"https:\/\/www.csepelivaroskep.hu\/hirmondo\/wp-json\/wp\/v2\/posts\/1576"}],"collection":[{"href":"https:\/\/www.csepelivaroskep.hu\/hirmondo\/wp-json\/wp\/v2\/posts"}],"about":[{"href":"https:\/\/www.csepelivaroskep.hu\/hirmondo\/wp-json\/wp\/v2\/types\/post"}],"author":[{"embeddable":true,"href":"https:\/\/www.csepelivaroskep.hu\/hirmondo\/wp-json\/wp\/v2\/users\/8"}],"replies":[{"embeddable":true,"href":"https:\/\/www.csepelivaroskep.hu\/hirmondo\/wp-json\/wp\/v2\/comments?post=1576"}],"version-history":[{"count":4,"href":"https:\/\/www.csepelivaroskep.hu\/hirmondo\/wp-json\/wp\/v2\/posts\/1576\/revisions"}],"predecessor-version":[{"id":1582,"href":"https:\/\/www.csepelivaroskep.hu\/hirmondo\/wp-json\/wp\/v2\/posts\/1576\/revisions\/1582"}],"wp:featuredmedia":[{"embeddable":true,"href":"https:\/\/www.csepelivaroskep.hu\/hirmondo\/wp-json\/wp\/v2\/media\/1575"}],"wp:attachment":[{"href":"https:\/\/www.csepelivaroskep.hu\/hirmondo\/wp-json\/wp\/v2\/media?parent=1576"}],"wp:term":[{"taxonomy":"category","embeddable":true,"href":"https:\/\/www.csepelivaroskep.hu\/hirmondo\/wp-json\/wp\/v2\/categories?post=1576"},{"taxonomy":"post_tag","embeddable":true,"href":"https:\/\/www.csepelivaroskep.hu\/hirmondo\/wp-json\/wp\/v2\/tags?post=1576"}],"curies":[{"name":"wp","href":"https:\/\/api.w.org\/{rel}","templated":true}]}}