{"id":1855,"date":"2021-01-27T08:57:46","date_gmt":"2021-01-27T08:57:46","guid":{"rendered":"http:\/\/www.csepelivaroskep.hu\/hirmondo\/?p=1855"},"modified":"2021-01-27T08:57:47","modified_gmt":"2021-01-27T08:57:47","slug":"csepeli-hirmondo-xii-2-szam","status":"publish","type":"post","link":"https:\/\/www.csepelivaroskep.hu\/hirmondo\/2021\/01\/27\/csepeli-hirmondo-xii-2-szam\/","title":{"rendered":"Csepeli H\u00edrmond\u00f3 XII.\/2.sz\u00e1m"},"content":{"rendered":"\n<p>Megjelent a Csepeli H\u00edrmond\u00f3 legfrissebb sz\u00e1ma. A tartalomb\u00f3l: \u00d6sszefog\u00e1s az \u00f3vod\u00e1\u00e9rt, Lesz-e \u00faj h\u00eddja Csepelnek?,Lomtalan\u00edt\u00e1s febru\u00e1rban, Borb\u00e9ly L\u00e9n\u00e1rd: jogunk van tudni, mi t\u00f6rt\u00e9nik a H\u00c9V kapcs\u00e1n, Koronav\u00edrus elleni olt\u00e1sok: mi a k\u00fcl\u00f6nbs\u00e9g, hogyan m\u0171k\u00f6dnek?, K\u00f6z\u00f6ss\u00e9gi munka, szalagavat\u00f3, felv\u00e9teli, T\u00f6retlen a Csepel Ker\u00e9kp\u00e1r n\u00e9pszer\u0171s\u00e9ge, S\u00edrtak, amikor megsz\u0171nt a Varr\u00f3g\u00e9pgy\u00e1r, M\u0171vel\u0151d\u00e9si H\u00e1zak j\u00e1rv\u00e1ny idej\u00e9n, Eml\u00e9kek a Paraszt Cs\u00e1rd\u00e1r\u00f3l, Volt egyszer egy nagyp\u00e1ly\u00e1s k\u00e9zilabda csapat, Farsangi hagyom\u00e1nyok, rejtv\u00e9ny. Legk\u00f6zelebbi sz\u00e1munk febru\u00e1r 10-\u00e9n jelenik meg.<\/p>\n\n\n<a href=\"https:\/\/www.csepelivaroskep.hu\/hirmondo\/wp-content\/uploads\/sites\/7\/2021\/01\/CSH_244.pdf\" class=\"pdfemb-viewer\" style=\"\" data-width=\"max\" data-height=\"max\" data-mobile-width=\"0\"  data-scrollbar=\"none\" data-download=\"on\" data-tracking=\"on\" data-newwindow=\"on\" data-pagetextbox=\"off\" data-scrolltotop=\"off\" data-startzoom=\"100\" data-startfpzoom=\"100\" data-toolbar=\"both\" data-toolbar-fixed=\"on\">CSH_244<br\/><\/a>\n<p class=\"wp-block-pdfemb-pdf-embedder-viewer\"><\/p>\n\n\n\n<p><\/p>\n","protected":false},"excerpt":{"rendered":"<p>Megjelent a Csepeli H\u00edrmond\u00f3 legfrissebb sz\u00e1ma. A tartalomb\u00f3l: \u00d6sszefog\u00e1s az \u00f3vod\u00e1\u00e9rt, Lesz-e \u00faj h\u00eddja Csepelnek?,Lomtalan\u00edt\u00e1s febru\u00e1rban, Borb\u00e9ly L\u00e9n\u00e1rd: jogunk van tudni, mi t\u00f6rt\u00e9nik a H\u00c9V kapcs\u00e1n, Koronav\u00edrus elleni olt\u00e1sok: mi a k\u00fcl\u00f6nbs\u00e9g, hogyan m\u0171k\u00f6dnek?, K\u00f6z\u00f6ss\u00e9gi munka, szalagavat\u00f3, felv\u00e9teli, T\u00f6retlen a Csepel Ker\u00e9kp\u00e1r n\u00e9pszer\u0171s\u00e9ge, S\u00edrtak, amikor megsz\u0171nt a Varr\u00f3g\u00e9pgy\u00e1r, M\u0171vel\u0151d\u00e9si H\u00e1zak j\u00e1rv\u00e1ny idej\u00e9n, Eml\u00e9kek a Paraszt [&hellip;]<\/p>\n","protected":false},"author":2,"featured_media":1853,"comment_status":"open","ping_status":"open","sticky":false,"template":"","format":"standard","meta":[],"categories":[9,12],"tags":[],"acf":[],"_links":{"self":[{"href":"https:\/\/www.csepelivaroskep.hu\/hirmondo\/wp-json\/wp\/v2\/posts\/1855"}],"collection":[{"href":"https:\/\/www.csepelivaroskep.hu\/hirmondo\/wp-json\/wp\/v2\/posts"}],"about":[{"href":"https:\/\/www.csepelivaroskep.hu\/hirmondo\/wp-json\/wp\/v2\/types\/post"}],"author":[{"embeddable":true,"href":"https:\/\/www.csepelivaroskep.hu\/hirmondo\/wp-json\/wp\/v2\/users\/2"}],"replies":[{"embeddable":true,"href":"https:\/\/www.csepelivaroskep.hu\/hirmondo\/wp-json\/wp\/v2\/comments?post=1855"}],"version-history":[{"count":1,"href":"https:\/\/www.csepelivaroskep.hu\/hirmondo\/wp-json\/wp\/v2\/posts\/1855\/revisions"}],"predecessor-version":[{"id":1856,"href":"https:\/\/www.csepelivaroskep.hu\/hirmondo\/wp-json\/wp\/v2\/posts\/1855\/revisions\/1856"}],"wp:featuredmedia":[{"embeddable":true,"href":"https:\/\/www.csepelivaroskep.hu\/hirmondo\/wp-json\/wp\/v2\/media\/1853"}],"wp:attachment":[{"href":"https:\/\/www.csepelivaroskep.hu\/hirmondo\/wp-json\/wp\/v2\/media?parent=1855"}],"wp:term":[{"taxonomy":"category","embeddable":true,"href":"https:\/\/www.csepelivaroskep.hu\/hirmondo\/wp-json\/wp\/v2\/categories?post=1855"},{"taxonomy":"post_tag","embeddable":true,"href":"https:\/\/www.csepelivaroskep.hu\/hirmondo\/wp-json\/wp\/v2\/tags?post=1855"}],"curies":[{"name":"wp","href":"https:\/\/api.w.org\/{rel}","templated":true}]}}