{"id":1859,"date":"2021-02-10T10:07:57","date_gmt":"2021-02-10T10:07:57","guid":{"rendered":"http:\/\/www.csepelivaroskep.hu\/hirmondo\/?p=1859"},"modified":"2021-02-10T10:07:57","modified_gmt":"2021-02-10T10:07:57","slug":"csepeli-hirmondo-xii-3-szam","status":"publish","type":"post","link":"https:\/\/www.csepelivaroskep.hu\/hirmondo\/2021\/02\/10\/csepeli-hirmondo-xii-3-szam\/","title":{"rendered":"Csepeli H\u00edrmond\u00f3 XII.\/3.sz\u00e1m"},"content":{"rendered":"\n<p>Megjelent a Csepeli H\u00edrmond\u00f3 leg\u00fajabb sz\u00e1ma. A tartalomb\u00f3l: \u00c9p\u00fcl a napk\u00f6zis t\u00e1bor, Lomtalan\u00edt\u00e1s Csepelen, \u00daj k\u00f6zpark \u00e9p\u00fcl \u00c9szak-Csepelen, Megkezd\u0151d\u00f6tt a legid\u0151sebbek olt\u00e1sa, Fosztogat\u00f3t \u00e9s rabl\u00f3t fogtak el a csepeli rend\u0151r\u00f6k, Rizmajer J\u00f3zsef: nem kellett senkit elbocs\u00e1tani, \u00c9des \u00e9lm\u00e9ny Trit\u00e1val, Egy hossz\u00fa h\u00e1zass\u00e1g t\u00f6rt\u00e9nete, Egy r\u00e9gvolt k\u00f6nyvt\u00e1r a Szent Istv\u00e1n \u00faton, \u00d3budaik\u00e9nt lett Csepel szerelmese, rejtv\u00e9ny. Legk\u00f6zelebbi sz\u00e1munk febru\u00e1r 24-\u00e9n jelenik meg.<\/p>\n\n\n<a href=\"https:\/\/www.csepelivaroskep.hu\/hirmondo\/wp-content\/uploads\/sites\/7\/2021\/02\/CSH_245.pdf\" class=\"pdfemb-viewer\" style=\"\" data-width=\"max\" data-height=\"max\" data-mobile-width=\"0\"  data-scrollbar=\"none\" data-download=\"on\" data-tracking=\"on\" data-newwindow=\"on\" data-pagetextbox=\"off\" data-scrolltotop=\"off\" data-startzoom=\"100\" data-startfpzoom=\"100\" data-toolbar=\"both\" data-toolbar-fixed=\"on\">CSH_245<br\/><\/a>\n<p class=\"wp-block-pdfemb-pdf-embedder-viewer\"><\/p>\n","protected":false},"excerpt":{"rendered":"<p>Megjelent a Csepeli H\u00edrmond\u00f3 leg\u00fajabb sz\u00e1ma. A tartalomb\u00f3l: \u00c9p\u00fcl a napk\u00f6zis t\u00e1bor, Lomtalan\u00edt\u00e1s Csepelen, \u00daj k\u00f6zpark \u00e9p\u00fcl \u00c9szak-Csepelen, Megkezd\u0151d\u00f6tt a legid\u0151sebbek olt\u00e1sa, Fosztogat\u00f3t \u00e9s rabl\u00f3t fogtak el a csepeli rend\u0151r\u00f6k, Rizmajer J\u00f3zsef: nem kellett senkit elbocs\u00e1tani, \u00c9des \u00e9lm\u00e9ny Trit\u00e1val, Egy hossz\u00fa h\u00e1zass\u00e1g t\u00f6rt\u00e9nete, Egy r\u00e9gvolt k\u00f6nyvt\u00e1r a Szent Istv\u00e1n \u00faton, \u00d3budaik\u00e9nt lett Csepel szerelmese, rejtv\u00e9ny. [&hellip;]<\/p>\n","protected":false},"author":2,"featured_media":1860,"comment_status":"open","ping_status":"open","sticky":false,"template":"","format":"standard","meta":[],"categories":[9,12],"tags":[],"acf":[],"_links":{"self":[{"href":"https:\/\/www.csepelivaroskep.hu\/hirmondo\/wp-json\/wp\/v2\/posts\/1859"}],"collection":[{"href":"https:\/\/www.csepelivaroskep.hu\/hirmondo\/wp-json\/wp\/v2\/posts"}],"about":[{"href":"https:\/\/www.csepelivaroskep.hu\/hirmondo\/wp-json\/wp\/v2\/types\/post"}],"author":[{"embeddable":true,"href":"https:\/\/www.csepelivaroskep.hu\/hirmondo\/wp-json\/wp\/v2\/users\/2"}],"replies":[{"embeddable":true,"href":"https:\/\/www.csepelivaroskep.hu\/hirmondo\/wp-json\/wp\/v2\/comments?post=1859"}],"version-history":[{"count":1,"href":"https:\/\/www.csepelivaroskep.hu\/hirmondo\/wp-json\/wp\/v2\/posts\/1859\/revisions"}],"predecessor-version":[{"id":1861,"href":"https:\/\/www.csepelivaroskep.hu\/hirmondo\/wp-json\/wp\/v2\/posts\/1859\/revisions\/1861"}],"wp:featuredmedia":[{"embeddable":true,"href":"https:\/\/www.csepelivaroskep.hu\/hirmondo\/wp-json\/wp\/v2\/media\/1860"}],"wp:attachment":[{"href":"https:\/\/www.csepelivaroskep.hu\/hirmondo\/wp-json\/wp\/v2\/media?parent=1859"}],"wp:term":[{"taxonomy":"category","embeddable":true,"href":"https:\/\/www.csepelivaroskep.hu\/hirmondo\/wp-json\/wp\/v2\/categories?post=1859"},{"taxonomy":"post_tag","embeddable":true,"href":"https:\/\/www.csepelivaroskep.hu\/hirmondo\/wp-json\/wp\/v2\/tags?post=1859"}],"curies":[{"name":"wp","href":"https:\/\/api.w.org\/{rel}","templated":true}]}}