{"id":1873,"date":"2021-03-10T09:01:59","date_gmt":"2021-03-10T09:01:59","guid":{"rendered":"http:\/\/www.csepelivaroskep.hu\/hirmondo\/?p=1873"},"modified":"2021-03-10T09:02:01","modified_gmt":"2021-03-10T09:02:01","slug":"csepeli-hirmondo-xii-5-szam","status":"publish","type":"post","link":"https:\/\/www.csepelivaroskep.hu\/hirmondo\/2021\/03\/10\/csepeli-hirmondo-xii-5-szam\/","title":{"rendered":"Csepeli H\u00edrmond\u00f3 XII.\/5.sz\u00e1m"},"content":{"rendered":"\n<p>Megjelent a Csepeli H\u00edrmond\u00f3 leg\u00fajabb sz\u00e1ma. A tartalomb\u00f3l: Olt\u00f3pont lett a szakrendel\u0151, K\u00f6lts\u00e9gvet\u00e9s a v\u00e9dekez\u00e9s jegy\u00e9ben, \u00c9p\u00fcl\u0151 utak, \u00faj j\u00e1rda, Elhunyt Dr. Marosv\u00f6lgyi P\u00e9ter, Csepelen k\u00e9sz\u00fclnek az \u00faj MOL Bubi ker\u00e9kp\u00e1rok, \u00c9rdekess\u00e9gek a szabads\u00e1gharcr\u00f3l, H\u00edrek a csepeli iskol\u00e1kb\u00f3l, Aki \u00f6tsz\u00f6r futotta k\u00f6rbe a F\u00f6ldet, Hatvan\u00f6t \u00e9ve egy\u00fctt, \u00daj lend\u00fcletet venne a Csepeli Kajak-Kenu Egyes\u00fclet, rejtv\u00e9ny. Legk\u00f6zelebbi sz\u00e1munk m\u00e1rcius 24-\u00e9n jelenik meg.<\/p>\n\n\n<a href=\"https:\/\/www.csepelivaroskep.hu\/hirmondo\/wp-content\/uploads\/sites\/7\/2021\/03\/CSH_247.pdf\" class=\"pdfemb-viewer\" style=\"\" data-width=\"max\" data-height=\"max\" data-mobile-width=\"0\"  data-scrollbar=\"none\" data-download=\"on\" data-tracking=\"on\" data-newwindow=\"on\" data-pagetextbox=\"off\" data-scrolltotop=\"off\" data-startzoom=\"100\" data-startfpzoom=\"100\" data-toolbar=\"both\" data-toolbar-fixed=\"on\">CSH_247<br\/><\/a>\n<p class=\"wp-block-pdfemb-pdf-embedder-viewer\"><\/p>\n","protected":false},"excerpt":{"rendered":"<p>Megjelent a Csepeli H\u00edrmond\u00f3 leg\u00fajabb sz\u00e1ma. A tartalomb\u00f3l: Olt\u00f3pont lett a szakrendel\u0151, K\u00f6lts\u00e9gvet\u00e9s a v\u00e9dekez\u00e9s jegy\u00e9ben, \u00c9p\u00fcl\u0151 utak, \u00faj j\u00e1rda, Elhunyt Dr. Marosv\u00f6lgyi P\u00e9ter, Csepelen k\u00e9sz\u00fclnek az \u00faj MOL Bubi ker\u00e9kp\u00e1rok, \u00c9rdekess\u00e9gek a szabads\u00e1gharcr\u00f3l, H\u00edrek a csepeli iskol\u00e1kb\u00f3l, Aki \u00f6tsz\u00f6r futotta k\u00f6rbe a F\u00f6ldet, Hatvan\u00f6t \u00e9ve egy\u00fctt, \u00daj lend\u00fcletet venne a Csepeli Kajak-Kenu Egyes\u00fclet, rejtv\u00e9ny. [&hellip;]<\/p>\n","protected":false},"author":2,"featured_media":1872,"comment_status":"open","ping_status":"open","sticky":false,"template":"","format":"standard","meta":[],"categories":[9,12],"tags":[],"acf":[],"_links":{"self":[{"href":"https:\/\/www.csepelivaroskep.hu\/hirmondo\/wp-json\/wp\/v2\/posts\/1873"}],"collection":[{"href":"https:\/\/www.csepelivaroskep.hu\/hirmondo\/wp-json\/wp\/v2\/posts"}],"about":[{"href":"https:\/\/www.csepelivaroskep.hu\/hirmondo\/wp-json\/wp\/v2\/types\/post"}],"author":[{"embeddable":true,"href":"https:\/\/www.csepelivaroskep.hu\/hirmondo\/wp-json\/wp\/v2\/users\/2"}],"replies":[{"embeddable":true,"href":"https:\/\/www.csepelivaroskep.hu\/hirmondo\/wp-json\/wp\/v2\/comments?post=1873"}],"version-history":[{"count":1,"href":"https:\/\/www.csepelivaroskep.hu\/hirmondo\/wp-json\/wp\/v2\/posts\/1873\/revisions"}],"predecessor-version":[{"id":1874,"href":"https:\/\/www.csepelivaroskep.hu\/hirmondo\/wp-json\/wp\/v2\/posts\/1873\/revisions\/1874"}],"wp:featuredmedia":[{"embeddable":true,"href":"https:\/\/www.csepelivaroskep.hu\/hirmondo\/wp-json\/wp\/v2\/media\/1872"}],"wp:attachment":[{"href":"https:\/\/www.csepelivaroskep.hu\/hirmondo\/wp-json\/wp\/v2\/media?parent=1873"}],"wp:term":[{"taxonomy":"category","embeddable":true,"href":"https:\/\/www.csepelivaroskep.hu\/hirmondo\/wp-json\/wp\/v2\/categories?post=1873"},{"taxonomy":"post_tag","embeddable":true,"href":"https:\/\/www.csepelivaroskep.hu\/hirmondo\/wp-json\/wp\/v2\/tags?post=1873"}],"curies":[{"name":"wp","href":"https:\/\/api.w.org\/{rel}","templated":true}]}}