{"id":1889,"date":"2021-04-21T08:34:52","date_gmt":"2021-04-21T08:34:52","guid":{"rendered":"http:\/\/www.csepelivaroskep.hu\/hirmondo\/?p=1889"},"modified":"2021-04-21T08:34:53","modified_gmt":"2021-04-21T08:34:53","slug":"csepeli-hirmondo-xii-8-szam","status":"publish","type":"post","link":"https:\/\/www.csepelivaroskep.hu\/hirmondo\/2021\/04\/21\/csepeli-hirmondo-xii-8-szam\/","title":{"rendered":"Csepeli H\u00edrmond\u00f3 XII.\/8.sz\u00e1m"},"content":{"rendered":"\n<p>Megjelent a Csepeli H\u00edrmond\u00f3 legfrissebb sz\u00e1ma. A tartalomb\u00f3l: Hamarosan \u00fajabb fejleszt\u00e9sek kezd\u0151dnek, Meghaladja a h\u00faszezret a Csepelen beoltottak sz\u00e1ma, Koronav\u00edrus: egy gyermekorvos tapasztalatai, Cs\u00f6kkent a k\u00e9pvisel\u0151k tiszteletd\u00edja, V\u00e1s\u00e1rl\u00e1s korl\u00e1tokkal, B\u00facs\u00fa a tan\u00e1rn\u0151t\u0151l, K\u00f6sz\u00f6nj\u00fck az \u00e9desany\u00e1kat, \u00dajranyitottak az \u00f3vod\u00e1k \u00e9s \u00e1ltal\u00e1nos iskol\u00e1k, Csord\u00e1s K\u00e1roly: A Fradi ellen a f\u00e1kon is cs\u00fcngtek a szurkol\u00f3k, rejtv\u00e9nyek. K\u00f6vetkez\u0151 sz\u00e1munk m\u00e1jus 5-\u00e9n jelenik meg.<\/p>\n\n\n<a href=\"https:\/\/www.csepelivaroskep.hu\/hirmondo\/wp-content\/uploads\/sites\/7\/2021\/04\/CSH_250.pdf\" class=\"pdfemb-viewer\" style=\"\" data-width=\"max\" data-height=\"max\" data-mobile-width=\"0\"  data-scrollbar=\"none\" data-download=\"on\" data-tracking=\"on\" data-newwindow=\"on\" data-pagetextbox=\"off\" data-scrolltotop=\"off\" data-startzoom=\"100\" data-startfpzoom=\"100\" data-toolbar=\"both\" data-toolbar-fixed=\"on\">CSH_250<br\/><\/a>\n<p class=\"wp-block-pdfemb-pdf-embedder-viewer\"><\/p>\n","protected":false},"excerpt":{"rendered":"<p>Megjelent a Csepeli H\u00edrmond\u00f3 legfrissebb sz\u00e1ma. A tartalomb\u00f3l: Hamarosan \u00fajabb fejleszt\u00e9sek kezd\u0151dnek, Meghaladja a h\u00faszezret a Csepelen beoltottak sz\u00e1ma, Koronav\u00edrus: egy gyermekorvos tapasztalatai, Cs\u00f6kkent a k\u00e9pvisel\u0151k tiszteletd\u00edja, V\u00e1s\u00e1rl\u00e1s korl\u00e1tokkal, B\u00facs\u00fa a tan\u00e1rn\u0151t\u0151l, K\u00f6sz\u00f6nj\u00fck az \u00e9desany\u00e1kat, \u00dajranyitottak az \u00f3vod\u00e1k \u00e9s \u00e1ltal\u00e1nos iskol\u00e1k, Csord\u00e1s K\u00e1roly: A Fradi ellen a f\u00e1kon is cs\u00fcngtek a szurkol\u00f3k, rejtv\u00e9nyek. K\u00f6vetkez\u0151 sz\u00e1munk [&hellip;]<\/p>\n","protected":false},"author":2,"featured_media":1888,"comment_status":"open","ping_status":"open","sticky":false,"template":"","format":"standard","meta":[],"categories":[9,12],"tags":[],"acf":[],"_links":{"self":[{"href":"https:\/\/www.csepelivaroskep.hu\/hirmondo\/wp-json\/wp\/v2\/posts\/1889"}],"collection":[{"href":"https:\/\/www.csepelivaroskep.hu\/hirmondo\/wp-json\/wp\/v2\/posts"}],"about":[{"href":"https:\/\/www.csepelivaroskep.hu\/hirmondo\/wp-json\/wp\/v2\/types\/post"}],"author":[{"embeddable":true,"href":"https:\/\/www.csepelivaroskep.hu\/hirmondo\/wp-json\/wp\/v2\/users\/2"}],"replies":[{"embeddable":true,"href":"https:\/\/www.csepelivaroskep.hu\/hirmondo\/wp-json\/wp\/v2\/comments?post=1889"}],"version-history":[{"count":1,"href":"https:\/\/www.csepelivaroskep.hu\/hirmondo\/wp-json\/wp\/v2\/posts\/1889\/revisions"}],"predecessor-version":[{"id":1890,"href":"https:\/\/www.csepelivaroskep.hu\/hirmondo\/wp-json\/wp\/v2\/posts\/1889\/revisions\/1890"}],"wp:featuredmedia":[{"embeddable":true,"href":"https:\/\/www.csepelivaroskep.hu\/hirmondo\/wp-json\/wp\/v2\/media\/1888"}],"wp:attachment":[{"href":"https:\/\/www.csepelivaroskep.hu\/hirmondo\/wp-json\/wp\/v2\/media?parent=1889"}],"wp:term":[{"taxonomy":"category","embeddable":true,"href":"https:\/\/www.csepelivaroskep.hu\/hirmondo\/wp-json\/wp\/v2\/categories?post=1889"},{"taxonomy":"post_tag","embeddable":true,"href":"https:\/\/www.csepelivaroskep.hu\/hirmondo\/wp-json\/wp\/v2\/tags?post=1889"}],"curies":[{"name":"wp","href":"https:\/\/api.w.org\/{rel}","templated":true}]}}