{"id":1976,"date":"2021-06-30T11:21:29","date_gmt":"2021-06-30T11:21:29","guid":{"rendered":"http:\/\/www.csepelivaroskep.hu\/hirmondo\/?p=1976"},"modified":"2021-06-30T11:21:30","modified_gmt":"2021-06-30T11:21:30","slug":"csepeli-hirmondo-xii-13-szam","status":"publish","type":"post","link":"https:\/\/www.csepelivaroskep.hu\/hirmondo\/2021\/06\/30\/csepeli-hirmondo-xii-13-szam\/","title":{"rendered":"Csepeli H\u00edrmond\u00f3 XII.\/13.sz\u00e1m"},"content":{"rendered":"\n<p>Megjelent a Csepeli H\u00edrmond\u00f3 legfrissebb sz\u00e1ma. A tartalomb\u00f3l: M\u00fazeumok \u00e9jszak\u00e1ja, Iskolakezd\u00e9si t\u00e1mogat\u00e1s: j\u00falius 15-ig ig\u00e9nyelhet\u0151, Korm\u00e1nyzati t\u00e1mogat\u00e1sb\u00f3l folytat\u00f3dik az \u00fat\u00e9p\u00edt\u00e9s, Id\u0151pontk\u00e9r\u00e9s a h\u00e1ziorvosokn\u00e1l, \u00faj eszk\u00f6z\u00f6kkel b\u0151v\u00fcl a szakrendel\u0151, R\u00e1cz G\u00e1bor kapta a Prokop P\u00e9ter-d\u00edjat, H\u00edrek a csepeli iskol\u00e1kb\u00f3l, Esti ker\u00e9kp\u00e1roz\u00e1s: nagy siker volt, Csepeli csoda \u00c9rden, Csepeli eml\u00e9kek: piacok,  \u00fczletek, cukr\u00e1szd\u00e1k, rejtv\u00e9ny, programaj\u00e1nl\u00f3k. Legk\u00f6zelebbi sz\u00e1munk j\u00falius 14-\u00e9n jelenik meg.<\/p>\n\n\n<a href=\"https:\/\/www.csepelivaroskep.hu\/hirmondo\/wp-content\/uploads\/sites\/7\/2021\/06\/CSH_255.pdf\" class=\"pdfemb-viewer\" style=\"\" data-width=\"max\" data-height=\"max\" data-mobile-width=\"0\"  data-scrollbar=\"none\" data-download=\"on\" data-tracking=\"on\" data-newwindow=\"on\" data-pagetextbox=\"off\" data-scrolltotop=\"off\" data-startzoom=\"100\" data-startfpzoom=\"100\" data-toolbar=\"both\" data-toolbar-fixed=\"on\">CSH_255<br\/><\/a>\n<p class=\"wp-block-pdfemb-pdf-embedder-viewer\"><\/p>\n","protected":false},"excerpt":{"rendered":"<p>Megjelent a Csepeli H\u00edrmond\u00f3 legfrissebb sz\u00e1ma. A tartalomb\u00f3l: M\u00fazeumok \u00e9jszak\u00e1ja, Iskolakezd\u00e9si t\u00e1mogat\u00e1s: j\u00falius 15-ig ig\u00e9nyelhet\u0151, Korm\u00e1nyzati t\u00e1mogat\u00e1sb\u00f3l folytat\u00f3dik az \u00fat\u00e9p\u00edt\u00e9s, Id\u0151pontk\u00e9r\u00e9s a h\u00e1ziorvosokn\u00e1l, \u00faj eszk\u00f6z\u00f6kkel b\u0151v\u00fcl a szakrendel\u0151, R\u00e1cz G\u00e1bor kapta a Prokop P\u00e9ter-d\u00edjat, H\u00edrek a csepeli iskol\u00e1kb\u00f3l, Esti ker\u00e9kp\u00e1roz\u00e1s: nagy siker volt, Csepeli csoda \u00c9rden, Csepeli eml\u00e9kek: piacok, \u00fczletek, cukr\u00e1szd\u00e1k, rejtv\u00e9ny, programaj\u00e1nl\u00f3k. Legk\u00f6zelebbi sz\u00e1munk [&hellip;]<\/p>\n","protected":false},"author":2,"featured_media":1975,"comment_status":"open","ping_status":"open","sticky":false,"template":"","format":"standard","meta":[],"categories":[9,12],"tags":[],"acf":[],"_links":{"self":[{"href":"https:\/\/www.csepelivaroskep.hu\/hirmondo\/wp-json\/wp\/v2\/posts\/1976"}],"collection":[{"href":"https:\/\/www.csepelivaroskep.hu\/hirmondo\/wp-json\/wp\/v2\/posts"}],"about":[{"href":"https:\/\/www.csepelivaroskep.hu\/hirmondo\/wp-json\/wp\/v2\/types\/post"}],"author":[{"embeddable":true,"href":"https:\/\/www.csepelivaroskep.hu\/hirmondo\/wp-json\/wp\/v2\/users\/2"}],"replies":[{"embeddable":true,"href":"https:\/\/www.csepelivaroskep.hu\/hirmondo\/wp-json\/wp\/v2\/comments?post=1976"}],"version-history":[{"count":1,"href":"https:\/\/www.csepelivaroskep.hu\/hirmondo\/wp-json\/wp\/v2\/posts\/1976\/revisions"}],"predecessor-version":[{"id":1977,"href":"https:\/\/www.csepelivaroskep.hu\/hirmondo\/wp-json\/wp\/v2\/posts\/1976\/revisions\/1977"}],"wp:featuredmedia":[{"embeddable":true,"href":"https:\/\/www.csepelivaroskep.hu\/hirmondo\/wp-json\/wp\/v2\/media\/1975"}],"wp:attachment":[{"href":"https:\/\/www.csepelivaroskep.hu\/hirmondo\/wp-json\/wp\/v2\/media?parent=1976"}],"wp:term":[{"taxonomy":"category","embeddable":true,"href":"https:\/\/www.csepelivaroskep.hu\/hirmondo\/wp-json\/wp\/v2\/categories?post=1976"},{"taxonomy":"post_tag","embeddable":true,"href":"https:\/\/www.csepelivaroskep.hu\/hirmondo\/wp-json\/wp\/v2\/tags?post=1976"}],"curies":[{"name":"wp","href":"https:\/\/api.w.org\/{rel}","templated":true}]}}