{"id":1981,"date":"2021-07-14T08:17:45","date_gmt":"2021-07-14T08:17:45","guid":{"rendered":"http:\/\/www.csepelivaroskep.hu\/hirmondo\/?p=1981"},"modified":"2021-07-14T08:17:47","modified_gmt":"2021-07-14T08:17:47","slug":"csepeli-hirmondo-xii-14-szam","status":"publish","type":"post","link":"https:\/\/www.csepelivaroskep.hu\/hirmondo\/2021\/07\/14\/csepeli-hirmondo-xii-14-szam\/","title":{"rendered":"Csepeli H\u00edrmond\u00f3 XII.\/14.sz\u00e1m"},"content":{"rendered":"\n<p>Megjelent a Csepeli H\u00edrmond\u00f3 legfrissebb sz\u00e1ma. A tartalomb\u00f3l: \u00c1tadt\u00e1k az \u00fajj\u00e1\u00e9p\u00edtett Napk\u00f6zis T\u00e1bort, Vihar: milli\u00e1rdos k\u00e1rok Csepelen, F\u0171ny\u00edr\u00e1s a ker\u00fcletben, Fel\u00faj\u00edtott urol\u00f3giai oszt\u00e1ly a Jahn Ferenc K\u00f3rh\u00e1zban, Semmelweis-nap: k\u00f6sz\u00f6net \u00e9s h\u00e1la az eg\u00e9szs\u00e9g\u00fcgyben dolgoz\u00f3knak, Ny\u00e1ri t\u00e1borok Csepelen, V\u00e9get \u00e9rt a labdar\u00fag\u00f3-Eur\u00f3pa-bajnoks\u00e1g, sport h\u00edrek, rejtv\u00e9ny, ker\u00fcleti programok. K\u00f6vetkez\u0151 sz\u00e1munk j\u00falius 28-\u00e1n jelenik meg.<\/p>\n\n\n<a href=\"https:\/\/www.csepelivaroskep.hu\/hirmondo\/wp-content\/uploads\/sites\/7\/2021\/07\/CSH_256-2.pdf\" class=\"pdfemb-viewer\" style=\"\" data-width=\"max\" data-height=\"max\" data-mobile-width=\"0\"  data-scrollbar=\"none\" data-download=\"on\" data-tracking=\"on\" data-newwindow=\"on\" data-pagetextbox=\"off\" data-scrolltotop=\"off\" data-startzoom=\"100\" data-startfpzoom=\"100\" data-toolbar=\"both\" data-toolbar-fixed=\"on\">CSH_256-2<br\/><\/a>\n<p class=\"wp-block-pdfemb-pdf-embedder-viewer\"><\/p>\n","protected":false},"excerpt":{"rendered":"<p>Megjelent a Csepeli H\u00edrmond\u00f3 legfrissebb sz\u00e1ma. A tartalomb\u00f3l: \u00c1tadt\u00e1k az \u00fajj\u00e1\u00e9p\u00edtett Napk\u00f6zis T\u00e1bort, Vihar: milli\u00e1rdos k\u00e1rok Csepelen, F\u0171ny\u00edr\u00e1s a ker\u00fcletben, Fel\u00faj\u00edtott urol\u00f3giai oszt\u00e1ly a Jahn Ferenc K\u00f3rh\u00e1zban, Semmelweis-nap: k\u00f6sz\u00f6net \u00e9s h\u00e1la az eg\u00e9szs\u00e9g\u00fcgyben dolgoz\u00f3knak, Ny\u00e1ri t\u00e1borok Csepelen, V\u00e9get \u00e9rt a labdar\u00fag\u00f3-Eur\u00f3pa-bajnoks\u00e1g, sport h\u00edrek, rejtv\u00e9ny, ker\u00fcleti programok. K\u00f6vetkez\u0151 sz\u00e1munk j\u00falius 28-\u00e1n jelenik meg.<\/p>\n","protected":false},"author":2,"featured_media":1979,"comment_status":"open","ping_status":"open","sticky":false,"template":"","format":"standard","meta":[],"categories":[9,12],"tags":[],"acf":[],"_links":{"self":[{"href":"https:\/\/www.csepelivaroskep.hu\/hirmondo\/wp-json\/wp\/v2\/posts\/1981"}],"collection":[{"href":"https:\/\/www.csepelivaroskep.hu\/hirmondo\/wp-json\/wp\/v2\/posts"}],"about":[{"href":"https:\/\/www.csepelivaroskep.hu\/hirmondo\/wp-json\/wp\/v2\/types\/post"}],"author":[{"embeddable":true,"href":"https:\/\/www.csepelivaroskep.hu\/hirmondo\/wp-json\/wp\/v2\/users\/2"}],"replies":[{"embeddable":true,"href":"https:\/\/www.csepelivaroskep.hu\/hirmondo\/wp-json\/wp\/v2\/comments?post=1981"}],"version-history":[{"count":1,"href":"https:\/\/www.csepelivaroskep.hu\/hirmondo\/wp-json\/wp\/v2\/posts\/1981\/revisions"}],"predecessor-version":[{"id":1982,"href":"https:\/\/www.csepelivaroskep.hu\/hirmondo\/wp-json\/wp\/v2\/posts\/1981\/revisions\/1982"}],"wp:featuredmedia":[{"embeddable":true,"href":"https:\/\/www.csepelivaroskep.hu\/hirmondo\/wp-json\/wp\/v2\/media\/1979"}],"wp:attachment":[{"href":"https:\/\/www.csepelivaroskep.hu\/hirmondo\/wp-json\/wp\/v2\/media?parent=1981"}],"wp:term":[{"taxonomy":"category","embeddable":true,"href":"https:\/\/www.csepelivaroskep.hu\/hirmondo\/wp-json\/wp\/v2\/categories?post=1981"},{"taxonomy":"post_tag","embeddable":true,"href":"https:\/\/www.csepelivaroskep.hu\/hirmondo\/wp-json\/wp\/v2\/tags?post=1981"}],"curies":[{"name":"wp","href":"https:\/\/api.w.org\/{rel}","templated":true}]}}