{"id":1986,"date":"2021-07-28T09:22:57","date_gmt":"2021-07-28T09:22:57","guid":{"rendered":"http:\/\/www.csepelivaroskep.hu\/hirmondo\/?p=1986"},"modified":"2021-07-28T09:22:58","modified_gmt":"2021-07-28T09:22:58","slug":"csepeli-hirmondo-xii-15-szam","status":"publish","type":"post","link":"https:\/\/www.csepelivaroskep.hu\/hirmondo\/2021\/07\/28\/csepeli-hirmondo-xii-15-szam\/","title":{"rendered":"Csepeli H\u00edrmond\u00f3 XII.\/15.sz\u00e1m"},"content":{"rendered":"\n<p>Megjelent a Csepeli H\u00edrmond\u00f3 legfrissebb sz\u00e1ma. A tartalomb\u00f3l: Vihar ut\u00e1n: jav\u00edtj\u00e1k a k\u00e1rokat a ker\u00fcleti k\u00f6zint\u00e9zm\u00e9nyekben,  Ism\u00e9t vil\u00e1g\u00edt\u00e1s \u00e9s gondoz\u00e1s n\u00e9lk\u00fcl a Tej\u00fat park, Szeptembert\u0151l teljes vonalon indulhat a H\u00c9V- k\u00f6zleked\u00e9s, Augusztust\u00f3l lehet\u0151s\u00e9g van a harmadik olt\u00e1sra, Harminch\u00e1rom \u00e9v csepeli gyermekorvosk\u00e9nt, Ny\u00e1ri t\u00e1borok Csepelen, Egy vil\u00e1gutaz\u00f3 Csepelr\u0151l, Egy \u00edg\u00e9retes csepeli \u00f6ttusabajnok, rejtv\u00e9ny, ker\u00fcleti programok. Legk\u00f6zelebbi sz\u00e1munk augusztus 18-\u00e1n jelenik meg,.<\/p>\n\n\n<a href=\"https:\/\/www.csepelivaroskep.hu\/hirmondo\/wp-content\/uploads\/sites\/7\/2021\/07\/CSH_257.pdf\" class=\"pdfemb-viewer\" style=\"\" data-width=\"max\" data-height=\"max\" data-mobile-width=\"0\"  data-scrollbar=\"none\" data-download=\"on\" data-tracking=\"on\" data-newwindow=\"on\" data-pagetextbox=\"off\" data-scrolltotop=\"off\" data-startzoom=\"100\" data-startfpzoom=\"100\" data-toolbar=\"both\" data-toolbar-fixed=\"on\">CSH_257<br\/><\/a>\n<p class=\"wp-block-pdfemb-pdf-embedder-viewer\"><\/p>\n","protected":false},"excerpt":{"rendered":"<p>Megjelent a Csepeli H\u00edrmond\u00f3 legfrissebb sz\u00e1ma. A tartalomb\u00f3l: Vihar ut\u00e1n: jav\u00edtj\u00e1k a k\u00e1rokat a ker\u00fcleti k\u00f6zint\u00e9zm\u00e9nyekben, Ism\u00e9t vil\u00e1g\u00edt\u00e1s \u00e9s gondoz\u00e1s n\u00e9lk\u00fcl a Tej\u00fat park, Szeptembert\u0151l teljes vonalon indulhat a H\u00c9V- k\u00f6zleked\u00e9s, Augusztust\u00f3l lehet\u0151s\u00e9g van a harmadik olt\u00e1sra, Harminch\u00e1rom \u00e9v csepeli gyermekorvosk\u00e9nt, Ny\u00e1ri t\u00e1borok Csepelen, Egy vil\u00e1gutaz\u00f3 Csepelr\u0151l, Egy \u00edg\u00e9retes csepeli \u00f6ttusabajnok, rejtv\u00e9ny, ker\u00fcleti programok. Legk\u00f6zelebbi [&hellip;]<\/p>\n","protected":false},"author":2,"featured_media":1984,"comment_status":"open","ping_status":"open","sticky":false,"template":"","format":"standard","meta":[],"categories":[9,12],"tags":[],"acf":[],"_links":{"self":[{"href":"https:\/\/www.csepelivaroskep.hu\/hirmondo\/wp-json\/wp\/v2\/posts\/1986"}],"collection":[{"href":"https:\/\/www.csepelivaroskep.hu\/hirmondo\/wp-json\/wp\/v2\/posts"}],"about":[{"href":"https:\/\/www.csepelivaroskep.hu\/hirmondo\/wp-json\/wp\/v2\/types\/post"}],"author":[{"embeddable":true,"href":"https:\/\/www.csepelivaroskep.hu\/hirmondo\/wp-json\/wp\/v2\/users\/2"}],"replies":[{"embeddable":true,"href":"https:\/\/www.csepelivaroskep.hu\/hirmondo\/wp-json\/wp\/v2\/comments?post=1986"}],"version-history":[{"count":1,"href":"https:\/\/www.csepelivaroskep.hu\/hirmondo\/wp-json\/wp\/v2\/posts\/1986\/revisions"}],"predecessor-version":[{"id":1987,"href":"https:\/\/www.csepelivaroskep.hu\/hirmondo\/wp-json\/wp\/v2\/posts\/1986\/revisions\/1987"}],"wp:featuredmedia":[{"embeddable":true,"href":"https:\/\/www.csepelivaroskep.hu\/hirmondo\/wp-json\/wp\/v2\/media\/1984"}],"wp:attachment":[{"href":"https:\/\/www.csepelivaroskep.hu\/hirmondo\/wp-json\/wp\/v2\/media?parent=1986"}],"wp:term":[{"taxonomy":"category","embeddable":true,"href":"https:\/\/www.csepelivaroskep.hu\/hirmondo\/wp-json\/wp\/v2\/categories?post=1986"},{"taxonomy":"post_tag","embeddable":true,"href":"https:\/\/www.csepelivaroskep.hu\/hirmondo\/wp-json\/wp\/v2\/tags?post=1986"}],"curies":[{"name":"wp","href":"https:\/\/api.w.org\/{rel}","templated":true}]}}