{"id":2023,"date":"2021-09-08T08:37:13","date_gmt":"2021-09-08T08:37:13","guid":{"rendered":"http:\/\/www.csepelivaroskep.hu\/hirmondo\/?p=2023"},"modified":"2021-09-08T08:37:15","modified_gmt":"2021-09-08T08:37:15","slug":"csepeli-hirmondo-xii-17-szam","status":"publish","type":"post","link":"https:\/\/www.csepelivaroskep.hu\/hirmondo\/2021\/09\/08\/csepeli-hirmondo-xii-17-szam\/","title":{"rendered":"Csepeli H\u00edrmond\u00f3 XII.\/17.sz\u00e1m"},"content":{"rendered":"\n<p>Megjelent a Csepeli H\u00edrmond\u00f3 legfrissebb sz\u00e1ma. A tartalomb\u00f3l: Tan\u00e9vnyit\u00f3 a M\u00e1ty\u00e1s iskol\u00e1ban, K\u00f6sz\u00f6net a helyt\u00e1ll\u00e1s\u00e9rt, \u00c1llamalap\u00edt\u00e1s \u00fcnnepe a Daru-dombon, Ny\u00e1rz\u00e1r\u00f3 program a Napk\u00f6zis T\u00e1borban, F\u00fcg\u00e9s kert Csepelen, Bring\u00e1s nap Csepelen, Eml\u00e9khely Kegye Tibor tisztelet\u00e9re, Eur\u00f3pa-bajnok lett Sz\u00e1sz Tam\u00e1s, rejtv\u00e9ny, programaj\u00e1nl\u00f3. Legk\u00f6zelebbi sz\u00e1munk szeptember 22-\u00e9n jelenik meg.<\/p>\n\n\n<a href=\"https:\/\/www.csepelivaroskep.hu\/hirmondo\/wp-content\/uploads\/sites\/7\/2021\/09\/CSH_259.pdf\" class=\"pdfemb-viewer\" style=\"\" data-width=\"max\" data-height=\"max\" data-mobile-width=\"0\"  data-scrollbar=\"none\" data-download=\"on\" data-tracking=\"on\" data-newwindow=\"on\" data-pagetextbox=\"off\" data-scrolltotop=\"off\" data-startzoom=\"100\" data-startfpzoom=\"100\" data-toolbar=\"both\" data-toolbar-fixed=\"on\">CSH_259<br\/><\/a>\n<p class=\"wp-block-pdfemb-pdf-embedder-viewer\"><\/p>\n","protected":false},"excerpt":{"rendered":"<p>Megjelent a Csepeli H\u00edrmond\u00f3 legfrissebb sz\u00e1ma. A tartalomb\u00f3l: Tan\u00e9vnyit\u00f3 a M\u00e1ty\u00e1s iskol\u00e1ban, K\u00f6sz\u00f6net a helyt\u00e1ll\u00e1s\u00e9rt, \u00c1llamalap\u00edt\u00e1s \u00fcnnepe a Daru-dombon, Ny\u00e1rz\u00e1r\u00f3 program a Napk\u00f6zis T\u00e1borban, F\u00fcg\u00e9s kert Csepelen, Bring\u00e1s nap Csepelen, Eml\u00e9khely Kegye Tibor tisztelet\u00e9re, Eur\u00f3pa-bajnok lett Sz\u00e1sz Tam\u00e1s, rejtv\u00e9ny, programaj\u00e1nl\u00f3. Legk\u00f6zelebbi sz\u00e1munk szeptember 22-\u00e9n jelenik meg.<\/p>\n","protected":false},"author":2,"featured_media":2021,"comment_status":"open","ping_status":"open","sticky":false,"template":"","format":"standard","meta":[],"categories":[9,12],"tags":[],"acf":[],"_links":{"self":[{"href":"https:\/\/www.csepelivaroskep.hu\/hirmondo\/wp-json\/wp\/v2\/posts\/2023"}],"collection":[{"href":"https:\/\/www.csepelivaroskep.hu\/hirmondo\/wp-json\/wp\/v2\/posts"}],"about":[{"href":"https:\/\/www.csepelivaroskep.hu\/hirmondo\/wp-json\/wp\/v2\/types\/post"}],"author":[{"embeddable":true,"href":"https:\/\/www.csepelivaroskep.hu\/hirmondo\/wp-json\/wp\/v2\/users\/2"}],"replies":[{"embeddable":true,"href":"https:\/\/www.csepelivaroskep.hu\/hirmondo\/wp-json\/wp\/v2\/comments?post=2023"}],"version-history":[{"count":1,"href":"https:\/\/www.csepelivaroskep.hu\/hirmondo\/wp-json\/wp\/v2\/posts\/2023\/revisions"}],"predecessor-version":[{"id":2024,"href":"https:\/\/www.csepelivaroskep.hu\/hirmondo\/wp-json\/wp\/v2\/posts\/2023\/revisions\/2024"}],"wp:featuredmedia":[{"embeddable":true,"href":"https:\/\/www.csepelivaroskep.hu\/hirmondo\/wp-json\/wp\/v2\/media\/2021"}],"wp:attachment":[{"href":"https:\/\/www.csepelivaroskep.hu\/hirmondo\/wp-json\/wp\/v2\/media?parent=2023"}],"wp:term":[{"taxonomy":"category","embeddable":true,"href":"https:\/\/www.csepelivaroskep.hu\/hirmondo\/wp-json\/wp\/v2\/categories?post=2023"},{"taxonomy":"post_tag","embeddable":true,"href":"https:\/\/www.csepelivaroskep.hu\/hirmondo\/wp-json\/wp\/v2\/tags?post=2023"}],"curies":[{"name":"wp","href":"https:\/\/api.w.org\/{rel}","templated":true}]}}