{"id":2043,"date":"2021-10-20T08:38:08","date_gmt":"2021-10-20T08:38:08","guid":{"rendered":"http:\/\/www.csepelivaroskep.hu\/hirmondo\/?p=2043"},"modified":"2021-10-20T08:38:30","modified_gmt":"2021-10-20T08:38:30","slug":"csepeli-hirmondo-xi-20-szam-2","status":"publish","type":"post","link":"https:\/\/www.csepelivaroskep.hu\/hirmondo\/2021\/10\/20\/csepeli-hirmondo-xi-20-szam-2\/","title":{"rendered":"Csepeli H\u00edrmond\u00f3 XII.\/20.sz\u00e1m"},"content":{"rendered":"\n<p>Megjelent a Csepeli H\u00edrmond\u00f3 legfrissebb sz\u00e1ma. A tartalomb\u00f3l: Borb\u00e9ly L\u00e9n\u00e1rd: egy\u00fctt gy\u0151zz\u00fck le a neh\u00e9zs\u00e9geket, \u00d6szt\u00f6nd\u00edj m\u00e9rn\u00f6khallgat\u00f3knak, H\u00e1rosi hullad\u00e9kgy\u0171jt\u00e9s, H\u00c9V-fejleszt\u00e9s: mi a lakoss\u00e1gi felm\u00e9r\u00e9s eredm\u00e9nye?, Koronav\u00edrus: \u00e9rdemes k\u00e9rni az olt\u00e1st,  Nyolcvan\u00e9ves az E\u00f6tv\u00f6s iskola, K\u00f6z\u00f6ss\u00e9gi Pont a Szent Istv\u00e1n \u00faton, Gyerty\u00e1k, m\u00e9csesek, eml\u00e9kek, Csepeli n\u00e9metek s\u00f6rfesztiv\u00e1lja, rejtv\u00e9ny, programaj\u00e1nl\u00f3. Legk\u00f6zelebbi sz\u00e1munk november 3-\u00e1n jelenik meg.<\/p>\n\n\n<a href=\"https:\/\/www.csepelivaroskep.hu\/hirmondo\/wp-content\/uploads\/sites\/7\/2021\/10\/CSH_262-1.pdf\" class=\"pdfemb-viewer\" style=\"\" data-width=\"max\" data-height=\"max\" data-mobile-width=\"0\"  data-scrollbar=\"none\" data-download=\"on\" data-tracking=\"on\" data-newwindow=\"on\" data-pagetextbox=\"off\" data-scrolltotop=\"off\" data-startzoom=\"100\" data-startfpzoom=\"100\" data-toolbar=\"both\" data-toolbar-fixed=\"on\">CSH_262-1<br\/><\/a>\n<p class=\"wp-block-pdfemb-pdf-embedder-viewer\"><\/p>\n","protected":false},"excerpt":{"rendered":"<p>Megjelent a Csepeli H\u00edrmond\u00f3 legfrissebb sz\u00e1ma. A tartalomb\u00f3l: Borb\u00e9ly L\u00e9n\u00e1rd: egy\u00fctt gy\u0151zz\u00fck le a neh\u00e9zs\u00e9geket, \u00d6szt\u00f6nd\u00edj m\u00e9rn\u00f6khallgat\u00f3knak, H\u00e1rosi hullad\u00e9kgy\u0171jt\u00e9s, H\u00c9V-fejleszt\u00e9s: mi a lakoss\u00e1gi felm\u00e9r\u00e9s eredm\u00e9nye?, Koronav\u00edrus: \u00e9rdemes k\u00e9rni az olt\u00e1st, Nyolcvan\u00e9ves az E\u00f6tv\u00f6s iskola, K\u00f6z\u00f6ss\u00e9gi Pont a Szent Istv\u00e1n \u00faton, Gyerty\u00e1k, m\u00e9csesek, eml\u00e9kek, Csepeli n\u00e9metek s\u00f6rfesztiv\u00e1lja, rejtv\u00e9ny, programaj\u00e1nl\u00f3. Legk\u00f6zelebbi sz\u00e1munk november 3-\u00e1n jelenik meg.<\/p>\n","protected":false},"author":2,"featured_media":2042,"comment_status":"open","ping_status":"open","sticky":false,"template":"","format":"standard","meta":[],"categories":[9,12],"tags":[],"acf":[],"_links":{"self":[{"href":"https:\/\/www.csepelivaroskep.hu\/hirmondo\/wp-json\/wp\/v2\/posts\/2043"}],"collection":[{"href":"https:\/\/www.csepelivaroskep.hu\/hirmondo\/wp-json\/wp\/v2\/posts"}],"about":[{"href":"https:\/\/www.csepelivaroskep.hu\/hirmondo\/wp-json\/wp\/v2\/types\/post"}],"author":[{"embeddable":true,"href":"https:\/\/www.csepelivaroskep.hu\/hirmondo\/wp-json\/wp\/v2\/users\/2"}],"replies":[{"embeddable":true,"href":"https:\/\/www.csepelivaroskep.hu\/hirmondo\/wp-json\/wp\/v2\/comments?post=2043"}],"version-history":[{"count":2,"href":"https:\/\/www.csepelivaroskep.hu\/hirmondo\/wp-json\/wp\/v2\/posts\/2043\/revisions"}],"predecessor-version":[{"id":2045,"href":"https:\/\/www.csepelivaroskep.hu\/hirmondo\/wp-json\/wp\/v2\/posts\/2043\/revisions\/2045"}],"wp:featuredmedia":[{"embeddable":true,"href":"https:\/\/www.csepelivaroskep.hu\/hirmondo\/wp-json\/wp\/v2\/media\/2042"}],"wp:attachment":[{"href":"https:\/\/www.csepelivaroskep.hu\/hirmondo\/wp-json\/wp\/v2\/media?parent=2043"}],"wp:term":[{"taxonomy":"category","embeddable":true,"href":"https:\/\/www.csepelivaroskep.hu\/hirmondo\/wp-json\/wp\/v2\/categories?post=2043"},{"taxonomy":"post_tag","embeddable":true,"href":"https:\/\/www.csepelivaroskep.hu\/hirmondo\/wp-json\/wp\/v2\/tags?post=2043"}],"curies":[{"name":"wp","href":"https:\/\/api.w.org\/{rel}","templated":true}]}}