{"id":2059,"date":"2021-12-15T11:58:06","date_gmt":"2021-12-15T11:58:06","guid":{"rendered":"http:\/\/www.csepelivaroskep.hu\/hirmondo\/?p=2059"},"modified":"2021-12-15T11:58:07","modified_gmt":"2021-12-15T11:58:07","slug":"csepeli-hirmondo-xii-23-szam","status":"publish","type":"post","link":"https:\/\/www.csepelivaroskep.hu\/hirmondo\/2021\/12\/15\/csepeli-hirmondo-xii-23-szam\/","title":{"rendered":"Csepeli H\u00edrmond\u00f3 XII.\/23.sz\u00e1m"},"content":{"rendered":"\n<p>Megjelent a Csepeli H\u00edrmond\u00f3 legfrissebb, idei utols\u00f3 sz\u00e1ma. A tartalomb\u00f3l: Zajlik az \u00faj Jedlik \u00e9p\u00edt\u00e9se, Ingyenes alma- \u00e9s burgonyaakci\u00f3, Fogyat\u00e9kkal \u00e9l\u0151k vil\u00e1gnapja, Kik kapt\u00e1k az Erzs\u00e9bet b\u00e1l bev\u00e9tel\u00e9t?,Csepeliek fot\u00f3i a ker\u00fcleti napt\u00e1ron, Id\u0151utaz\u00e1s a m\u00faltba, \u00c9v v\u00e9gi hagyom\u00e1nyok, csal\u00e1di szok\u00e1sok,  Sz\u00ednpadon \u00e9s anyak\u00e9nt: f\u0151szereben Mah\u00f3 Andrea, programaj\u00e1nl\u00f3, napt\u00e1r. Legk\u00f6zelebb sz\u00e1munk 2022. janu\u00e1r 12-\u00e9n jelenik meg.<\/p>\n\n\n<a href=\"https:\/\/www.csepelivaroskep.hu\/hirmondo\/wp-content\/uploads\/sites\/7\/2021\/12\/CSH_265.pdf\" class=\"pdfemb-viewer\" style=\"\" data-width=\"max\" data-height=\"max\" data-mobile-width=\"0\"  data-scrollbar=\"none\" data-download=\"on\" data-tracking=\"on\" data-newwindow=\"on\" data-pagetextbox=\"off\" data-scrolltotop=\"off\" data-startzoom=\"100\" data-startfpzoom=\"100\" data-toolbar=\"both\" data-toolbar-fixed=\"on\">CSH_265<br\/><\/a>\n<p class=\"wp-block-pdfemb-pdf-embedder-viewer\"><\/p>\n","protected":false},"excerpt":{"rendered":"<p>Megjelent a Csepeli H\u00edrmond\u00f3 legfrissebb, idei utols\u00f3 sz\u00e1ma. A tartalomb\u00f3l: Zajlik az \u00faj Jedlik \u00e9p\u00edt\u00e9se, Ingyenes alma- \u00e9s burgonyaakci\u00f3, Fogyat\u00e9kkal \u00e9l\u0151k vil\u00e1gnapja, Kik kapt\u00e1k az Erzs\u00e9bet b\u00e1l bev\u00e9tel\u00e9t?,Csepeliek fot\u00f3i a ker\u00fcleti napt\u00e1ron, Id\u0151utaz\u00e1s a m\u00faltba, \u00c9v v\u00e9gi hagyom\u00e1nyok, csal\u00e1di szok\u00e1sok, Sz\u00ednpadon \u00e9s anyak\u00e9nt: f\u0151szereben Mah\u00f3 Andrea, programaj\u00e1nl\u00f3, napt\u00e1r. Legk\u00f6zelebb sz\u00e1munk 2022. janu\u00e1r 12-\u00e9n jelenik meg.<\/p>\n","protected":false},"author":2,"featured_media":2058,"comment_status":"open","ping_status":"open","sticky":false,"template":"","format":"standard","meta":[],"categories":[9,12],"tags":[],"acf":[],"_links":{"self":[{"href":"https:\/\/www.csepelivaroskep.hu\/hirmondo\/wp-json\/wp\/v2\/posts\/2059"}],"collection":[{"href":"https:\/\/www.csepelivaroskep.hu\/hirmondo\/wp-json\/wp\/v2\/posts"}],"about":[{"href":"https:\/\/www.csepelivaroskep.hu\/hirmondo\/wp-json\/wp\/v2\/types\/post"}],"author":[{"embeddable":true,"href":"https:\/\/www.csepelivaroskep.hu\/hirmondo\/wp-json\/wp\/v2\/users\/2"}],"replies":[{"embeddable":true,"href":"https:\/\/www.csepelivaroskep.hu\/hirmondo\/wp-json\/wp\/v2\/comments?post=2059"}],"version-history":[{"count":1,"href":"https:\/\/www.csepelivaroskep.hu\/hirmondo\/wp-json\/wp\/v2\/posts\/2059\/revisions"}],"predecessor-version":[{"id":2060,"href":"https:\/\/www.csepelivaroskep.hu\/hirmondo\/wp-json\/wp\/v2\/posts\/2059\/revisions\/2060"}],"wp:featuredmedia":[{"embeddable":true,"href":"https:\/\/www.csepelivaroskep.hu\/hirmondo\/wp-json\/wp\/v2\/media\/2058"}],"wp:attachment":[{"href":"https:\/\/www.csepelivaroskep.hu\/hirmondo\/wp-json\/wp\/v2\/media?parent=2059"}],"wp:term":[{"taxonomy":"category","embeddable":true,"href":"https:\/\/www.csepelivaroskep.hu\/hirmondo\/wp-json\/wp\/v2\/categories?post=2059"},{"taxonomy":"post_tag","embeddable":true,"href":"https:\/\/www.csepelivaroskep.hu\/hirmondo\/wp-json\/wp\/v2\/tags?post=2059"}],"curies":[{"name":"wp","href":"https:\/\/api.w.org\/{rel}","templated":true}]}}