{"id":2123,"date":"2022-03-23T09:03:59","date_gmt":"2022-03-23T09:03:59","guid":{"rendered":"http:\/\/www.csepelivaroskep.hu\/hirmondo\/?p=2123"},"modified":"2022-03-23T11:00:58","modified_gmt":"2022-03-23T11:00:58","slug":"csepeli-hirmondo-xiii-6-szam","status":"publish","type":"post","link":"https:\/\/www.csepelivaroskep.hu\/hirmondo\/2022\/03\/23\/csepeli-hirmondo-xiii-6-szam\/","title":{"rendered":"Csepeli H\u00edrmond\u00f3 XIII.\/6.sz\u00e1m"},"content":{"rendered":"\n<p>Megjelent a Csepeli H\u00edrmond\u00f3 legfrissebb sz\u00e1ma. A tartalomb\u00f3l: Eml\u00e9kez\u00e9s az 1848-49-es forradalomra \u00e9s szabads\u00e1gharcra, Munk\u00e1csy-d\u00edjat kapott Erdei \u00c9va, Azonnali seg\u00edts\u00e9g a beregsz\u00e1sziaknak, Olt\u00e1sok, \u00e9p\u00fcl\u0151 egynapos seb\u00e9szet, Orsz\u00e1ggy\u0171l\u00e9si v\u00e1laszt\u00e1s 2022, Csepel Trikol\u00f3rban 2022,  Mi lesz a csepeli gy\u00e1rk\u00e9m\u00e9nyek sorsa, B\u00facs\u00fa Tak\u00e1cs tan\u00e1r \u00fart\u00f3l, Alkot\u00e1s, \u00e9lm\u00e9ny, kikapcsol\u00f3d\u00e1s, programaj\u00e1nl\u00f3, rejtv\u00e9ny. Legk\u00f6zelebbi sz\u00e1munk \u00e1prilis 6-\u00e1n jelenik meg.<\/p>\n\n\n<a href=\"https:\/\/www.csepelivaroskep.hu\/hirmondo\/wp-content\/uploads\/sites\/7\/2022\/03\/CSH_271-1.pdf\" class=\"pdfemb-viewer\" style=\"\" data-width=\"max\" data-height=\"max\" data-mobile-width=\"0\"  data-scrollbar=\"none\" data-download=\"on\" data-tracking=\"on\" data-newwindow=\"on\" data-pagetextbox=\"off\" data-scrolltotop=\"off\" data-startzoom=\"100\" data-startfpzoom=\"100\" data-toolbar=\"both\" data-toolbar-fixed=\"on\">CSH_271-1<br\/><\/a>\n<p class=\"wp-block-pdfemb-pdf-embedder-viewer\"><\/p>\n","protected":false},"excerpt":{"rendered":"<p>Megjelent a Csepeli H\u00edrmond\u00f3 legfrissebb sz\u00e1ma. A tartalomb\u00f3l: Eml\u00e9kez\u00e9s az 1848-49-es forradalomra \u00e9s szabads\u00e1gharcra, Munk\u00e1csy-d\u00edjat kapott Erdei \u00c9va, Azonnali seg\u00edts\u00e9g a beregsz\u00e1sziaknak, Olt\u00e1sok, \u00e9p\u00fcl\u0151 egynapos seb\u00e9szet, Orsz\u00e1ggy\u0171l\u00e9si v\u00e1laszt\u00e1s 2022, Csepel Trikol\u00f3rban 2022, Mi lesz a csepeli gy\u00e1rk\u00e9m\u00e9nyek sorsa, B\u00facs\u00fa Tak\u00e1cs tan\u00e1r \u00fart\u00f3l, Alkot\u00e1s, \u00e9lm\u00e9ny, kikapcsol\u00f3d\u00e1s, programaj\u00e1nl\u00f3, rejtv\u00e9ny. Legk\u00f6zelebbi sz\u00e1munk \u00e1prilis 6-\u00e1n jelenik meg.<\/p>\n","protected":false},"author":2,"featured_media":2122,"comment_status":"open","ping_status":"open","sticky":false,"template":"","format":"standard","meta":[],"categories":[9,12],"tags":[],"acf":[],"_links":{"self":[{"href":"https:\/\/www.csepelivaroskep.hu\/hirmondo\/wp-json\/wp\/v2\/posts\/2123"}],"collection":[{"href":"https:\/\/www.csepelivaroskep.hu\/hirmondo\/wp-json\/wp\/v2\/posts"}],"about":[{"href":"https:\/\/www.csepelivaroskep.hu\/hirmondo\/wp-json\/wp\/v2\/types\/post"}],"author":[{"embeddable":true,"href":"https:\/\/www.csepelivaroskep.hu\/hirmondo\/wp-json\/wp\/v2\/users\/2"}],"replies":[{"embeddable":true,"href":"https:\/\/www.csepelivaroskep.hu\/hirmondo\/wp-json\/wp\/v2\/comments?post=2123"}],"version-history":[{"count":2,"href":"https:\/\/www.csepelivaroskep.hu\/hirmondo\/wp-json\/wp\/v2\/posts\/2123\/revisions"}],"predecessor-version":[{"id":2126,"href":"https:\/\/www.csepelivaroskep.hu\/hirmondo\/wp-json\/wp\/v2\/posts\/2123\/revisions\/2126"}],"wp:featuredmedia":[{"embeddable":true,"href":"https:\/\/www.csepelivaroskep.hu\/hirmondo\/wp-json\/wp\/v2\/media\/2122"}],"wp:attachment":[{"href":"https:\/\/www.csepelivaroskep.hu\/hirmondo\/wp-json\/wp\/v2\/media?parent=2123"}],"wp:term":[{"taxonomy":"category","embeddable":true,"href":"https:\/\/www.csepelivaroskep.hu\/hirmondo\/wp-json\/wp\/v2\/categories?post=2123"},{"taxonomy":"post_tag","embeddable":true,"href":"https:\/\/www.csepelivaroskep.hu\/hirmondo\/wp-json\/wp\/v2\/tags?post=2123"}],"curies":[{"name":"wp","href":"https:\/\/api.w.org\/{rel}","templated":true}]}}