{"id":2136,"date":"2022-04-06T11:00:49","date_gmt":"2022-04-06T11:00:49","guid":{"rendered":"http:\/\/www.csepelivaroskep.hu\/hirmondo\/?p=2136"},"modified":"2022-04-06T11:02:46","modified_gmt":"2022-04-06T11:02:46","slug":"csepeli-hirmondo-xiii-7-szam","status":"publish","type":"post","link":"https:\/\/www.csepelivaroskep.hu\/hirmondo\/2022\/04\/06\/csepeli-hirmondo-xiii-7-szam\/","title":{"rendered":"Csepeli H\u00edrmond\u00f3 XIII.\/7.sz\u00e1m"},"content":{"rendered":"\n<p>Megjelent a Csepeli H\u00edrmond\u00f3 legfrissebb sz\u00e1ma. A tartalomb\u00f3l:  Orsz\u00e1ggy\u0171l\u00e9si v\u00e1laszt\u00e1s 2022, Csillagtelepi v\u00e1rosrehabilit\u00e1ci\u00f3: dolgoznak a megold\u00e1son, Mi t\u00f6rt\u00e9nt az \u00f3vod\u00e1ban?, Hell\u00f3, tavasz! Hell\u00f3 t\u00e1bor!, Komp\u00e1nia Tanoda: elismer\u00e9s a munk\u00e1\u00e9rt, Nagyh\u00e9t, T\u00e9l v\u00e9gi kimer\u00fclts\u00e9g, Melis Zolt\u00e1n: &#8220;ezer m\u00e9ter ut\u00e1n j\u00f6n a nagyhal\u00e1l&#8221;, K\u00f6rforg\u00e1sban: \u00fajrahasznos\u00edt\u00e1s, m\u00e1sodnyersanyag, rejtv\u00e9ny, ker\u00fcleti programok. Legk\u00f6zelebbi sz\u00e1munk \u00e1prilis 20-\u00e1n jelenik meg.<\/p>\n\n\n<a href=\"https:\/\/www.csepelivaroskep.hu\/hirmondo\/wp-content\/uploads\/sites\/7\/2022\/04\/CSH_272-2.pdf\" class=\"pdfemb-viewer\" style=\"\" data-width=\"max\" data-height=\"max\" data-mobile-width=\"0\"  data-scrollbar=\"none\" data-download=\"on\" data-tracking=\"on\" data-newwindow=\"on\" data-pagetextbox=\"off\" data-scrolltotop=\"off\" data-startzoom=\"100\" data-startfpzoom=\"100\" data-toolbar=\"both\" data-toolbar-fixed=\"on\">CSH_272-2<br\/><\/a>\n<p class=\"wp-block-pdfemb-pdf-embedder-viewer\"><\/p>\n","protected":false},"excerpt":{"rendered":"<p>Megjelent a Csepeli H\u00edrmond\u00f3 legfrissebb sz\u00e1ma. A tartalomb\u00f3l: Orsz\u00e1ggy\u0171l\u00e9si v\u00e1laszt\u00e1s 2022, Csillagtelepi v\u00e1rosrehabilit\u00e1ci\u00f3: dolgoznak a megold\u00e1son, Mi t\u00f6rt\u00e9nt az \u00f3vod\u00e1ban?, Hell\u00f3, tavasz! Hell\u00f3 t\u00e1bor!, Komp\u00e1nia Tanoda: elismer\u00e9s a munk\u00e1\u00e9rt, Nagyh\u00e9t, T\u00e9l v\u00e9gi kimer\u00fclts\u00e9g, Melis Zolt\u00e1n: &#8220;ezer m\u00e9ter ut\u00e1n j\u00f6n a nagyhal\u00e1l&#8221;, K\u00f6rforg\u00e1sban: \u00fajrahasznos\u00edt\u00e1s, m\u00e1sodnyersanyag, rejtv\u00e9ny, ker\u00fcleti programok. Legk\u00f6zelebbi sz\u00e1munk \u00e1prilis 20-\u00e1n jelenik meg.<\/p>\n","protected":false},"author":2,"featured_media":2134,"comment_status":"open","ping_status":"open","sticky":false,"template":"","format":"standard","meta":[],"categories":[9,12],"tags":[],"acf":[],"_links":{"self":[{"href":"https:\/\/www.csepelivaroskep.hu\/hirmondo\/wp-json\/wp\/v2\/posts\/2136"}],"collection":[{"href":"https:\/\/www.csepelivaroskep.hu\/hirmondo\/wp-json\/wp\/v2\/posts"}],"about":[{"href":"https:\/\/www.csepelivaroskep.hu\/hirmondo\/wp-json\/wp\/v2\/types\/post"}],"author":[{"embeddable":true,"href":"https:\/\/www.csepelivaroskep.hu\/hirmondo\/wp-json\/wp\/v2\/users\/2"}],"replies":[{"embeddable":true,"href":"https:\/\/www.csepelivaroskep.hu\/hirmondo\/wp-json\/wp\/v2\/comments?post=2136"}],"version-history":[{"count":2,"href":"https:\/\/www.csepelivaroskep.hu\/hirmondo\/wp-json\/wp\/v2\/posts\/2136\/revisions"}],"predecessor-version":[{"id":2138,"href":"https:\/\/www.csepelivaroskep.hu\/hirmondo\/wp-json\/wp\/v2\/posts\/2136\/revisions\/2138"}],"wp:featuredmedia":[{"embeddable":true,"href":"https:\/\/www.csepelivaroskep.hu\/hirmondo\/wp-json\/wp\/v2\/media\/2134"}],"wp:attachment":[{"href":"https:\/\/www.csepelivaroskep.hu\/hirmondo\/wp-json\/wp\/v2\/media?parent=2136"}],"wp:term":[{"taxonomy":"category","embeddable":true,"href":"https:\/\/www.csepelivaroskep.hu\/hirmondo\/wp-json\/wp\/v2\/categories?post=2136"},{"taxonomy":"post_tag","embeddable":true,"href":"https:\/\/www.csepelivaroskep.hu\/hirmondo\/wp-json\/wp\/v2\/tags?post=2136"}],"curies":[{"name":"wp","href":"https:\/\/api.w.org\/{rel}","templated":true}]}}