{"id":2167,"date":"2022-06-01T10:26:08","date_gmt":"2022-06-01T10:26:08","guid":{"rendered":"http:\/\/www.csepelivaroskep.hu\/hirmondo\/?p=2167"},"modified":"2022-06-01T10:26:09","modified_gmt":"2022-06-01T10:26:09","slug":"csepeli-hirmondo-xiii-11-szam","status":"publish","type":"post","link":"https:\/\/www.csepelivaroskep.hu\/hirmondo\/2022\/06\/01\/csepeli-hirmondo-xiii-11-szam\/","title":{"rendered":"Csepeli H\u00edrmond\u00f3 XIII.\/11.sz\u00e1m"},"content":{"rendered":"\n<p>Megjelent a Csepeli H\u00edrmond\u00f3 legfrissebb sz\u00e1ma. A tartalomb\u00f3l: \u00dcl\u00e9sezett a k\u00e9pvisel\u0151-test\u00fclet, Gyermeknap a polg\u00e1rmesteri hivatalban, &#8220;Megv\u00e9dj\u00fck a Kis-Duna-partot&#8221;,  Ny\u00e1ri napk\u00f6zis t\u00e1bor, Hat \u00e9vzized, hatvan program, \u00d6tven\u00e9ves a Sziv\u00e1rv\u00e1ny Tag\u00f3voda, J\u00e1t\u00e9k, kaland, \u00e9m\u00e9ny a csepeli gyermeknapon, Csod\u00e1s k\u00e1rpitok k\u00f6z\u00f6tt,  Csal\u00e1di Sportnap a strandon, rejtv\u00e9ny, programaj\u00e1nl\u00f3. K\u00f6vetkez\u0151 sz\u00e1munk j\u00fanius 15-\u00e9n jelenik meg.<\/p>\n\n\n<a href=\"https:\/\/www.csepelivaroskep.hu\/hirmondo\/wp-content\/uploads\/sites\/7\/2022\/06\/CSH_276-1.pdf\" class=\"pdfemb-viewer\" style=\"\" data-width=\"max\" data-height=\"max\" data-mobile-width=\"0\"  data-scrollbar=\"none\" data-download=\"on\" data-tracking=\"on\" data-newwindow=\"on\" data-pagetextbox=\"off\" data-scrolltotop=\"off\" data-startzoom=\"100\" data-startfpzoom=\"100\" data-toolbar=\"both\" data-toolbar-fixed=\"on\">CSH_276-1<br\/><\/a>\n<p class=\"wp-block-pdfemb-pdf-embedder-viewer\"><\/p>\n","protected":false},"excerpt":{"rendered":"<p>Megjelent a Csepeli H\u00edrmond\u00f3 legfrissebb sz\u00e1ma. A tartalomb\u00f3l: \u00dcl\u00e9sezett a k\u00e9pvisel\u0151-test\u00fclet, Gyermeknap a polg\u00e1rmesteri hivatalban, &#8220;Megv\u00e9dj\u00fck a Kis-Duna-partot&#8221;, Ny\u00e1ri napk\u00f6zis t\u00e1bor, Hat \u00e9vzized, hatvan program, \u00d6tven\u00e9ves a Sziv\u00e1rv\u00e1ny Tag\u00f3voda, J\u00e1t\u00e9k, kaland, \u00e9m\u00e9ny a csepeli gyermeknapon, Csod\u00e1s k\u00e1rpitok k\u00f6z\u00f6tt, Csal\u00e1di Sportnap a strandon, rejtv\u00e9ny, programaj\u00e1nl\u00f3. K\u00f6vetkez\u0151 sz\u00e1munk j\u00fanius 15-\u00e9n jelenik meg.<\/p>\n","protected":false},"author":2,"featured_media":2166,"comment_status":"open","ping_status":"open","sticky":false,"template":"","format":"standard","meta":[],"categories":[9,12],"tags":[],"acf":[],"_links":{"self":[{"href":"https:\/\/www.csepelivaroskep.hu\/hirmondo\/wp-json\/wp\/v2\/posts\/2167"}],"collection":[{"href":"https:\/\/www.csepelivaroskep.hu\/hirmondo\/wp-json\/wp\/v2\/posts"}],"about":[{"href":"https:\/\/www.csepelivaroskep.hu\/hirmondo\/wp-json\/wp\/v2\/types\/post"}],"author":[{"embeddable":true,"href":"https:\/\/www.csepelivaroskep.hu\/hirmondo\/wp-json\/wp\/v2\/users\/2"}],"replies":[{"embeddable":true,"href":"https:\/\/www.csepelivaroskep.hu\/hirmondo\/wp-json\/wp\/v2\/comments?post=2167"}],"version-history":[{"count":1,"href":"https:\/\/www.csepelivaroskep.hu\/hirmondo\/wp-json\/wp\/v2\/posts\/2167\/revisions"}],"predecessor-version":[{"id":2168,"href":"https:\/\/www.csepelivaroskep.hu\/hirmondo\/wp-json\/wp\/v2\/posts\/2167\/revisions\/2168"}],"wp:featuredmedia":[{"embeddable":true,"href":"https:\/\/www.csepelivaroskep.hu\/hirmondo\/wp-json\/wp\/v2\/media\/2166"}],"wp:attachment":[{"href":"https:\/\/www.csepelivaroskep.hu\/hirmondo\/wp-json\/wp\/v2\/media?parent=2167"}],"wp:term":[{"taxonomy":"category","embeddable":true,"href":"https:\/\/www.csepelivaroskep.hu\/hirmondo\/wp-json\/wp\/v2\/categories?post=2167"},{"taxonomy":"post_tag","embeddable":true,"href":"https:\/\/www.csepelivaroskep.hu\/hirmondo\/wp-json\/wp\/v2\/tags?post=2167"}],"curies":[{"name":"wp","href":"https:\/\/api.w.org\/{rel}","templated":true}]}}