{"id":2171,"date":"2022-06-15T07:33:32","date_gmt":"2022-06-15T07:33:32","guid":{"rendered":"http:\/\/www.csepelivaroskep.hu\/hirmondo\/?p=2171"},"modified":"2022-06-15T07:33:34","modified_gmt":"2022-06-15T07:33:34","slug":"csepeli-hirmondo-xiii-12-szam","status":"publish","type":"post","link":"https:\/\/www.csepelivaroskep.hu\/hirmondo\/2022\/06\/15\/csepeli-hirmondo-xiii-12-szam\/","title":{"rendered":"Csepeli H\u00edrmond\u00f3 XIII.\/12.sz\u00e1m"},"content":{"rendered":"\n<p>Megjelent a Csepeli H\u00edrmond\u00f3 legfrissebb sz\u00e1ma. A tartalomb\u00f3l: A nemzeti \u00f6sszetetoz\u00e1s napja Csepelen, \u00c1llami, tanker\u00fcleti, f\u0151v\u00e1rosi elismer\u00e9sek pedag\u00f3gusnapon, Mag\u00e1nter\u00fcleten is p\u00f3tolni kell a kiv\u00e1gott f\u00e1kat, \u00daj vezet\u0151 a k\u00f6zter\u00fclet-fel\u00fcgyelet \u00e9l\u00e9n, Erasmus+ projekt a Jedlikben, J\u00e1tsz\u00f3terek Csepelen, Halker Kir\u00e1lyTeam: 131 \u00e9rem a vil\u00e1gkup\u00e1n, Egy nagyszer\u0171 zen\u00e9sz Csepelr\u0151l, rejtv\u00e9ny, programaj\u00e1nl\u00f3. Legk\u00f6zelebbi sz\u00e1munk j\u00fanius 29-\u00e9n jelenik meg.<\/p>\n\n\n<a href=\"https:\/\/www.csepelivaroskep.hu\/hirmondo\/wp-content\/uploads\/sites\/7\/2022\/06\/CSH_277.pdf\" class=\"pdfemb-viewer\" style=\"\" data-width=\"max\" data-height=\"max\" data-mobile-width=\"0\"  data-scrollbar=\"none\" data-download=\"on\" data-tracking=\"on\" data-newwindow=\"on\" data-pagetextbox=\"off\" data-scrolltotop=\"off\" data-startzoom=\"100\" data-startfpzoom=\"100\" data-toolbar=\"both\" data-toolbar-fixed=\"on\">CSH_277<br\/><\/a>\n<p class=\"wp-block-pdfemb-pdf-embedder-viewer\"><\/p>\n","protected":false},"excerpt":{"rendered":"<p>Megjelent a Csepeli H\u00edrmond\u00f3 legfrissebb sz\u00e1ma. A tartalomb\u00f3l: A nemzeti \u00f6sszetetoz\u00e1s napja Csepelen, \u00c1llami, tanker\u00fcleti, f\u0151v\u00e1rosi elismer\u00e9sek pedag\u00f3gusnapon, Mag\u00e1nter\u00fcleten is p\u00f3tolni kell a kiv\u00e1gott f\u00e1kat, \u00daj vezet\u0151 a k\u00f6zter\u00fclet-fel\u00fcgyelet \u00e9l\u00e9n, Erasmus+ projekt a Jedlikben, J\u00e1tsz\u00f3terek Csepelen, Halker Kir\u00e1lyTeam: 131 \u00e9rem a vil\u00e1gkup\u00e1n, Egy nagyszer\u0171 zen\u00e9sz Csepelr\u0151l, rejtv\u00e9ny, programaj\u00e1nl\u00f3. Legk\u00f6zelebbi sz\u00e1munk j\u00fanius 29-\u00e9n jelenik meg.<\/p>\n","protected":false},"author":2,"featured_media":2170,"comment_status":"open","ping_status":"open","sticky":false,"template":"","format":"standard","meta":[],"categories":[9,12],"tags":[],"acf":[],"_links":{"self":[{"href":"https:\/\/www.csepelivaroskep.hu\/hirmondo\/wp-json\/wp\/v2\/posts\/2171"}],"collection":[{"href":"https:\/\/www.csepelivaroskep.hu\/hirmondo\/wp-json\/wp\/v2\/posts"}],"about":[{"href":"https:\/\/www.csepelivaroskep.hu\/hirmondo\/wp-json\/wp\/v2\/types\/post"}],"author":[{"embeddable":true,"href":"https:\/\/www.csepelivaroskep.hu\/hirmondo\/wp-json\/wp\/v2\/users\/2"}],"replies":[{"embeddable":true,"href":"https:\/\/www.csepelivaroskep.hu\/hirmondo\/wp-json\/wp\/v2\/comments?post=2171"}],"version-history":[{"count":1,"href":"https:\/\/www.csepelivaroskep.hu\/hirmondo\/wp-json\/wp\/v2\/posts\/2171\/revisions"}],"predecessor-version":[{"id":2172,"href":"https:\/\/www.csepelivaroskep.hu\/hirmondo\/wp-json\/wp\/v2\/posts\/2171\/revisions\/2172"}],"wp:featuredmedia":[{"embeddable":true,"href":"https:\/\/www.csepelivaroskep.hu\/hirmondo\/wp-json\/wp\/v2\/media\/2170"}],"wp:attachment":[{"href":"https:\/\/www.csepelivaroskep.hu\/hirmondo\/wp-json\/wp\/v2\/media?parent=2171"}],"wp:term":[{"taxonomy":"category","embeddable":true,"href":"https:\/\/www.csepelivaroskep.hu\/hirmondo\/wp-json\/wp\/v2\/categories?post=2171"},{"taxonomy":"post_tag","embeddable":true,"href":"https:\/\/www.csepelivaroskep.hu\/hirmondo\/wp-json\/wp\/v2\/tags?post=2171"}],"curies":[{"name":"wp","href":"https:\/\/api.w.org\/{rel}","templated":true}]}}