{"id":2175,"date":"2022-06-29T09:00:25","date_gmt":"2022-06-29T09:00:25","guid":{"rendered":"http:\/\/www.csepelivaroskep.hu\/hirmondo\/?p=2175"},"modified":"2022-06-29T09:00:26","modified_gmt":"2022-06-29T09:00:26","slug":"csepeli-hirmondo-xiii-13-szam","status":"publish","type":"post","link":"https:\/\/www.csepelivaroskep.hu\/hirmondo\/2022\/06\/29\/csepeli-hirmondo-xiii-13-szam\/","title":{"rendered":"Csepeli H\u00edrmond\u00f3 XIII.\/13.sz\u00e1m"},"content":{"rendered":"\n<p>Megjelent a Csepeli H\u00edrmond\u00f3 legfrissebb sz\u00e1ma. A tartalomb\u00f3l: Vesz\u00e9lyes f\u00e1kat v\u00e1gnak ki, \u00fajakat \u00fcltetnek, Iskolakezd\u00e9si t\u00e1mogat\u00e1s: j\u00falius 15-\u00e9ig ig\u00e9nyelhet\u0151, Jogszer\u0171tlen \u00e9p\u00edtkez\u00e9sek, Orvosi \u00fcgyelet, szem\u00e9szet, Ny\u00e1rk\u00f6sz\u00f6nt\u0151 zenei est, M\u00fazeumok \u00e9jszak\u00e1ja Csepelen, \u00d6t \u00e9vtized: sz\u00fclet\u00e9snapi g\u00e1la, Jubileumi koncert, Esti ker\u00e9kp\u00e1roz\u00e1s, Focist\u00e1nak k\u00e9sz\u00fclt, magasugr\u00f3 lett bel\u0151le, programaj\u00e1nl\u00f3, rejtv\u00e9ny. Legk\u00f6zelebbi sz\u00e1munk j\u00falius 13-\u00e1n jelenik meg.<\/p>\n\n\n<a href=\"https:\/\/www.csepelivaroskep.hu\/hirmondo\/wp-content\/uploads\/sites\/7\/2022\/06\/CSH_278.pdf\" class=\"pdfemb-viewer\" style=\"\" data-width=\"max\" data-height=\"max\" data-mobile-width=\"0\"  data-scrollbar=\"none\" data-download=\"on\" data-tracking=\"on\" data-newwindow=\"on\" data-pagetextbox=\"off\" data-scrolltotop=\"off\" data-startzoom=\"100\" data-startfpzoom=\"100\" data-toolbar=\"both\" data-toolbar-fixed=\"on\">CSH_278<br\/><\/a>\n<p class=\"wp-block-pdfemb-pdf-embedder-viewer\"><\/p>\n","protected":false},"excerpt":{"rendered":"<p>Megjelent a Csepeli H\u00edrmond\u00f3 legfrissebb sz\u00e1ma. A tartalomb\u00f3l: Vesz\u00e9lyes f\u00e1kat v\u00e1gnak ki, \u00fajakat \u00fcltetnek, Iskolakezd\u00e9si t\u00e1mogat\u00e1s: j\u00falius 15-\u00e9ig ig\u00e9nyelhet\u0151, Jogszer\u0171tlen \u00e9p\u00edtkez\u00e9sek, Orvosi \u00fcgyelet, szem\u00e9szet, Ny\u00e1rk\u00f6sz\u00f6nt\u0151 zenei est, M\u00fazeumok \u00e9jszak\u00e1ja Csepelen, \u00d6t \u00e9vtized: sz\u00fclet\u00e9snapi g\u00e1la, Jubileumi koncert, Esti ker\u00e9kp\u00e1roz\u00e1s, Focist\u00e1nak k\u00e9sz\u00fclt, magasugr\u00f3 lett bel\u0151le, programaj\u00e1nl\u00f3, rejtv\u00e9ny. Legk\u00f6zelebbi sz\u00e1munk j\u00falius 13-\u00e1n jelenik meg.<\/p>\n","protected":false},"author":2,"featured_media":2174,"comment_status":"open","ping_status":"open","sticky":false,"template":"","format":"standard","meta":[],"categories":[9,12],"tags":[],"acf":[],"_links":{"self":[{"href":"https:\/\/www.csepelivaroskep.hu\/hirmondo\/wp-json\/wp\/v2\/posts\/2175"}],"collection":[{"href":"https:\/\/www.csepelivaroskep.hu\/hirmondo\/wp-json\/wp\/v2\/posts"}],"about":[{"href":"https:\/\/www.csepelivaroskep.hu\/hirmondo\/wp-json\/wp\/v2\/types\/post"}],"author":[{"embeddable":true,"href":"https:\/\/www.csepelivaroskep.hu\/hirmondo\/wp-json\/wp\/v2\/users\/2"}],"replies":[{"embeddable":true,"href":"https:\/\/www.csepelivaroskep.hu\/hirmondo\/wp-json\/wp\/v2\/comments?post=2175"}],"version-history":[{"count":1,"href":"https:\/\/www.csepelivaroskep.hu\/hirmondo\/wp-json\/wp\/v2\/posts\/2175\/revisions"}],"predecessor-version":[{"id":2176,"href":"https:\/\/www.csepelivaroskep.hu\/hirmondo\/wp-json\/wp\/v2\/posts\/2175\/revisions\/2176"}],"wp:featuredmedia":[{"embeddable":true,"href":"https:\/\/www.csepelivaroskep.hu\/hirmondo\/wp-json\/wp\/v2\/media\/2174"}],"wp:attachment":[{"href":"https:\/\/www.csepelivaroskep.hu\/hirmondo\/wp-json\/wp\/v2\/media?parent=2175"}],"wp:term":[{"taxonomy":"category","embeddable":true,"href":"https:\/\/www.csepelivaroskep.hu\/hirmondo\/wp-json\/wp\/v2\/categories?post=2175"},{"taxonomy":"post_tag","embeddable":true,"href":"https:\/\/www.csepelivaroskep.hu\/hirmondo\/wp-json\/wp\/v2\/tags?post=2175"}],"curies":[{"name":"wp","href":"https:\/\/api.w.org\/{rel}","templated":true}]}}