{"id":2180,"date":"2022-07-26T09:35:49","date_gmt":"2022-07-26T09:35:49","guid":{"rendered":"http:\/\/www.csepelivaroskep.hu\/hirmondo\/?p=2180"},"modified":"2022-07-26T09:35:50","modified_gmt":"2022-07-26T09:35:50","slug":"csepeli-hirmondo-xiii-14-szam","status":"publish","type":"post","link":"https:\/\/www.csepelivaroskep.hu\/hirmondo\/2022\/07\/26\/csepeli-hirmondo-xiii-14-szam\/","title":{"rendered":"Csepeli H\u00edrmond\u00f3 XIII.\/14.sz\u00e1m"},"content":{"rendered":"\n<p>Megjelent a Csepeli H\u00edrmond\u00f3 legfrissebb sz\u00e1ma. A tartalomb\u00f3l: \u00daj f\u00e1kat \u00fcltettek a napk\u00f6zis t\u00e1borban, Kitiltott\u00e1k a csepeli focist\u00e1kat a Csepel SC-b\u0151l, Tan\u00e9vkezd\u00e9sre meg\u00fajul a Katona iskola, Ki igazolja a b\u00f6lcs\u0151dei, \u00f3vodai hi\u00e1nyz\u00e1st, Semmelweis-nap Csepelen, Mi\u00e9rt fontos az ikerkutat\u00e1s?, Ker\u00fclet\u00fcnk b\u00fcszkes\u00e9gei: kit\u0171n\u0151 di\u00e1kokat k\u00f6sz\u00f6nt\u00f6ttek, Csepelen is toboroz a Magyar Honv\u00e9ds\u00e9g, Szabadt\u00e9ri mozik az egykori Csepelen, Bali P\u00e1ln\u00e9 eml\u00e9kezete, Magyar siker az amerikai tehets\u00e9gkutat\u00f3ban, programaj\u00e1nl\u00f3, rejtv\u00e9ny. Legk\u00f6zelebbi sz\u00e1munk j\u00falius 27-\u00e9n jelenik meg.<\/p>\n\n\n<a href=\"https:\/\/www.csepelivaroskep.hu\/hirmondo\/wp-content\/uploads\/sites\/7\/2022\/07\/CSH_279-2.pdf\" class=\"pdfemb-viewer\" style=\"\" data-width=\"max\" data-height=\"max\" data-mobile-width=\"0\"  data-scrollbar=\"none\" data-download=\"on\" data-tracking=\"on\" data-newwindow=\"on\" data-pagetextbox=\"off\" data-scrolltotop=\"off\" data-startzoom=\"100\" data-startfpzoom=\"100\" data-toolbar=\"both\" data-toolbar-fixed=\"on\">CSH_279-2<br\/><\/a>\n<p class=\"wp-block-pdfemb-pdf-embedder-viewer\"><\/p>\n","protected":false},"excerpt":{"rendered":"<p>Megjelent a Csepeli H\u00edrmond\u00f3 legfrissebb sz\u00e1ma. A tartalomb\u00f3l: \u00daj f\u00e1kat \u00fcltettek a napk\u00f6zis t\u00e1borban, Kitiltott\u00e1k a csepeli focist\u00e1kat a Csepel SC-b\u0151l, Tan\u00e9vkezd\u00e9sre meg\u00fajul a Katona iskola, Ki igazolja a b\u00f6lcs\u0151dei, \u00f3vodai hi\u00e1nyz\u00e1st, Semmelweis-nap Csepelen, Mi\u00e9rt fontos az ikerkutat\u00e1s?, Ker\u00fclet\u00fcnk b\u00fcszkes\u00e9gei: kit\u0171n\u0151 di\u00e1kokat k\u00f6sz\u00f6nt\u00f6ttek, Csepelen is toboroz a Magyar Honv\u00e9ds\u00e9g, Szabadt\u00e9ri mozik az egykori Csepelen, Bali [&hellip;]<\/p>\n","protected":false},"author":2,"featured_media":2177,"comment_status":"open","ping_status":"open","sticky":false,"template":"","format":"standard","meta":[],"categories":[9,12],"tags":[],"acf":[],"_links":{"self":[{"href":"https:\/\/www.csepelivaroskep.hu\/hirmondo\/wp-json\/wp\/v2\/posts\/2180"}],"collection":[{"href":"https:\/\/www.csepelivaroskep.hu\/hirmondo\/wp-json\/wp\/v2\/posts"}],"about":[{"href":"https:\/\/www.csepelivaroskep.hu\/hirmondo\/wp-json\/wp\/v2\/types\/post"}],"author":[{"embeddable":true,"href":"https:\/\/www.csepelivaroskep.hu\/hirmondo\/wp-json\/wp\/v2\/users\/2"}],"replies":[{"embeddable":true,"href":"https:\/\/www.csepelivaroskep.hu\/hirmondo\/wp-json\/wp\/v2\/comments?post=2180"}],"version-history":[{"count":1,"href":"https:\/\/www.csepelivaroskep.hu\/hirmondo\/wp-json\/wp\/v2\/posts\/2180\/revisions"}],"predecessor-version":[{"id":2181,"href":"https:\/\/www.csepelivaroskep.hu\/hirmondo\/wp-json\/wp\/v2\/posts\/2180\/revisions\/2181"}],"wp:featuredmedia":[{"embeddable":true,"href":"https:\/\/www.csepelivaroskep.hu\/hirmondo\/wp-json\/wp\/v2\/media\/2177"}],"wp:attachment":[{"href":"https:\/\/www.csepelivaroskep.hu\/hirmondo\/wp-json\/wp\/v2\/media?parent=2180"}],"wp:term":[{"taxonomy":"category","embeddable":true,"href":"https:\/\/www.csepelivaroskep.hu\/hirmondo\/wp-json\/wp\/v2\/categories?post=2180"},{"taxonomy":"post_tag","embeddable":true,"href":"https:\/\/www.csepelivaroskep.hu\/hirmondo\/wp-json\/wp\/v2\/tags?post=2180"}],"curies":[{"name":"wp","href":"https:\/\/api.w.org\/{rel}","templated":true}]}}